{"id":566,"date":"2025-03-17T18:39:14","date_gmt":"2025-03-17T17:39:14","guid":{"rendered":"https:\/\/intelligent-shannon.217-28-65-195.plesk.page\/2025\/03\/17\/obbligo-pec-personale-amministratori-societa\/"},"modified":"2025-03-17T18:39:14","modified_gmt":"2025-03-17T17:39:14","slug":"obrigacao-de-pec-pessoal-dos-diretores-da-empresa","status":"publish","type":"post","link":"https:\/\/studiodagostini.com\/pt\/circulares\/2025\/03\/17\/obrigacao-de-pec-pessoal-dos-diretores-da-empresa\/","title":{"rendered":"Obriga\u00e7\u00e3o de PEC pessoal para diretores de empresas"},"content":{"rendered":"<p>Gostar\u00edamos de inform\u00e1-lo que, no \u00faltimo dia 12 de mar\u00e7o, o Minist\u00e9rio de Empresas e Made in Italy, em sua nota n\u00ba 43836, esclareceu que o artigo 1\u00ba, par\u00e1grafo 860, da Lei n\u00ba 207\/2024 (Lei Or\u00e7ament\u00e1ria 2025), referente \u00e0 extens\u00e3o da obriga\u00e7\u00e3o dos diretores de empresas constitu\u00eddas sob a forma societ\u00e1ria de se equiparem com um PEC pessoal a ser comunicado ao Registro de Empresas, <strong><span style=\"text-decoration: underline;\">tamb\u00e9m se aplica a empresas estabelecidas como empresas antes de 01.01.2025<\/span><\/strong>ao contr\u00e1rio das interpreta\u00e7\u00f5es iniciais fornecidas por algumas C\u00e2maras de Com\u00e9rcio.<\/p>\n<p><!--more--><\/p>\n<p>A obriga\u00e7\u00e3o se aplica a todos os tipos de empresas, com exce\u00e7\u00e3o de alguns casos especiais.<br \/>Assim sendo, <strong><span style=\"text-decoration: underline;\">para todas as empresas estabelecidas sob a forma de sociedade an\u00f4nima<\/span><\/strong>independentemente de sua data de incorpora\u00e7\u00e3o, <strong>t<span style=\"text-decoration: underline;\">todos os diretores e liquidantes devem ter seu pr\u00f3prio PEC pessoal<\/span><\/strong> e ter\u00e1 que notificar o Registro da Empresa de acordo <strong><span style=\"text-decoration: underline;\">at\u00e9 o pr\u00f3ximo dia 30 de junho<\/span><\/strong>.<\/p>\n<p>Enfatizamos que, mesmo antes desse prazo, as C\u00e2maras de Com\u00e9rcio podem suspender os arquivos enviados se essa defici\u00eancia for constatada; portanto, convidamos todos os clientes a fazer essa comunica\u00e7\u00e3o em tempo h\u00e1bil, a fim de evitar poss\u00edveis atrasos no processamento dos arquivos pelas C\u00e2maras de Com\u00e9rcio e\/ou para n\u00e3o incorrer em penalidades por comunica\u00e7\u00e3o tardia.<\/p>\n<p>Permanecendo \u00e0 disposi\u00e7\u00e3o para quaisquer d\u00favidas ou solicita\u00e7\u00f5es de esclarecimentos, aproveitamos a oportunidade para estender nossos melhores cumprimentos a todos.<\/p>","protected":false},"excerpt":{"rendered":"<p>Informiamo che lo scorso 12 Marzo il Ministero delle Imprese e del Made in Italy, con la nota n. 43836, ha chiarito che l\u2019art. 1, comma 860, della Legge n. 207\/2024 (Legge di Bilancio 2025), riguardante l\u2019estensione dell\u2019obbligo per gli amministratori di imprese costituite in forma societaria di dotarsi di una PEC personale da comunicare [&hellip;]<\/p>\n","protected":false},"author":1,"featured_media":0,"comment_status":"closed","ping_status":"closed","sticky":false,"template":"","format":"standard","meta":{"_acf_changed":false,"footnotes":""},"categories":[18],"tags":[],"class_list":["post-566","post","type-post","status-publish","format-standard","hentry","category-blog"],"acf":[],"_links":{"self":[{"href":"https:\/\/studiodagostini.com\/pt\/wp-json\/wp\/v2\/posts\/566","targetHints":{"allow":["GET"]}}],"collection":[{"href":"https:\/\/studiodagostini.com\/pt\/wp-json\/wp\/v2\/posts"}],"about":[{"href":"https:\/\/studiodagostini.com\/pt\/wp-json\/wp\/v2\/types\/post"}],"author":[{"embeddable":true,"href":"https:\/\/studiodagostini.com\/pt\/wp-json\/wp\/v2\/users\/1"}],"replies":[{"embeddable":true,"href":"https:\/\/studiodagostini.com\/pt\/wp-json\/wp\/v2\/comments?post=566"}],"version-history":[{"count":0,"href":"https:\/\/studiodagostini.com\/pt\/wp-json\/wp\/v2\/posts\/566\/revisions"}],"wp:attachment":[{"href":"https:\/\/studiodagostini.com\/pt\/wp-json\/wp\/v2\/media?parent=566"}],"wp:term":[{"taxonomy":"category","embeddable":true,"href":"https:\/\/studiodagostini.com\/pt\/wp-json\/wp\/v2\/categories?post=566"},{"taxonomy":"post_tag","embeddable":true,"href":"https:\/\/studiodagostini.com\/pt\/wp-json\/wp\/v2\/tags?post=566"}],"curies":[{"name":"wp","href":"https:\/\/api.w.org\/{rel}","templated":true}]}}