{"id":558,"date":"2025-01-07T12:51:41","date_gmt":"2025-01-07T11:51:41","guid":{"rendered":"https:\/\/intelligent-shannon.217-28-65-195.plesk.page\/2025\/01\/07\/assicurazione-obbligatoria-danni-calamita-naturali-eventi-catastrofali\/"},"modified":"2025-01-07T12:51:41","modified_gmt":"2025-01-07T11:51:41","slug":"seguro-obrigatorio-para-desastres-naturais-e-eventos-catastroficos","status":"publish","type":"post","link":"https:\/\/studiodagostini.com\/pt\/circulares\/2025\/01\/07\/seguro-obrigatorio-para-desastres-naturais-e-eventos-catastroficos\/","title":{"rendered":"Seguro obrigat\u00f3rio para danos causados por desastres naturais e eventos catastr\u00f3ficos"},"content":{"rendered":"<p>Conforme previsto no artigo 13 do Decreto Lei 202\/2024 (o chamado Decreto Milleproroghe), ele foi adiado para a pr\u00f3xima <strong>31 de mar\u00e7o de 2025<\/strong> a obriga\u00e7\u00e3o de as empresas contratarem seguro contra desastres naturais, conforme previsto na Lei Or\u00e7ament\u00e1ria 2024 (artigo 1\u00ba, par\u00e1grafos 101 a 111 da Lei 213\/2023).<\/p>\n<p><!--more--><\/p>\n<p>A obriga\u00e7\u00e3o diz respeito a <strong>todas as empresas<\/strong> com sede registrada na It\u00e1lia (excluindo empresas agr\u00edcolas) e empresas com sede registrada no exterior com estabelecimento permanente na It\u00e1lia, <strong>que devem ser registradas no Registro Comercial<\/strong> de acordo com o Artigo 2188 do C\u00f3digo Civil. Essas empresas s\u00e3o obrigadas a entrar em <strong>at\u00e9 31 de mar\u00e7o de 2025<\/strong> uma ap\u00f3lice de seguro que cobre danos diretamente causados por <strong>desastres naturais e eventos catastr\u00f3ficos<\/strong>(terremotos, enchentes, deslizamentos de terra, inunda\u00e7\u00f5es e alagamentos), a terrenos, edif\u00edcios, instala\u00e7\u00f5es, maquin\u00e1rio e equipamentos industriais e comerciais utilizados, a qualquer t\u00edtulo, no exerc\u00edcio da atividade empresarial, exclu\u00eddos aqueles j\u00e1 cobertos por seguro similar, ainda que contratado por terceiros que n\u00e3o o empres\u00e1rio que utiliza os bens.<\/p>\n<p>Em caso de n\u00e3o conformidade com a obriga\u00e7\u00e3o de seguro, a san\u00e7\u00e3o assumir\u00e1 a forma de perda de acesso ao <strong>contribui\u00e7\u00f5es, subs\u00eddios ou facilidades<\/strong> de natureza financeira de recursos p\u00fablicos, incluindo aqueles fornecidos em conex\u00e3o com eventos calamitosos e catastr\u00f3ficos.<\/p>\n<p>A disposi\u00e7\u00e3o visa fornecer al\u00edvio econ\u00f4mico \u00e0s empresas sediadas na It\u00e1lia em caso de eventos catastr\u00f3ficos, que podem gerar danos \u00e0 popula\u00e7\u00e3o, \u00e0s pr\u00f3prias empresas e \u00e0 infraestrutura, com o objetivo de colocar o risco de tais eventos e os custos relacionados n\u00e3o apenas a cargo do Estado, mas tamb\u00e9m de entidades privadas.<\/p>\n<p>Permanecendo \u00e0 disposi\u00e7\u00e3o para quaisquer d\u00favidas ou solicita\u00e7\u00f5es de esclarecimentos, aproveitamos a oportunidade para estender nossos melhores cumprimentos a todos.<\/p>","protected":false},"excerpt":{"rendered":"<p>Come previsto dall\u2019art. 13 del D.L. 202\/2024 (c.d. Decreto Milleproroghe), \u00e8 stato rinviato al prossimo 31 Marzo 2025 l&#8217;obbligo di stipula di un&#8217;assicurazione contro le catastrofi naturali per le imprese, come disposto dalla Legge di Bilancio 2024 (art. 1, commi da 101 a 111, della L. 213\/2023).<\/p>","protected":false},"author":1,"featured_media":0,"comment_status":"closed","ping_status":"closed","sticky":false,"template":"","format":"standard","meta":{"_acf_changed":false,"footnotes":""},"categories":[18],"tags":[],"class_list":["post-558","post","type-post","status-publish","format-standard","hentry","category-blog"],"acf":[],"_links":{"self":[{"href":"https:\/\/studiodagostini.com\/pt\/wp-json\/wp\/v2\/posts\/558","targetHints":{"allow":["GET"]}}],"collection":[{"href":"https:\/\/studiodagostini.com\/pt\/wp-json\/wp\/v2\/posts"}],"about":[{"href":"https:\/\/studiodagostini.com\/pt\/wp-json\/wp\/v2\/types\/post"}],"author":[{"embeddable":true,"href":"https:\/\/studiodagostini.com\/pt\/wp-json\/wp\/v2\/users\/1"}],"replies":[{"embeddable":true,"href":"https:\/\/studiodagostini.com\/pt\/wp-json\/wp\/v2\/comments?post=558"}],"version-history":[{"count":0,"href":"https:\/\/studiodagostini.com\/pt\/wp-json\/wp\/v2\/posts\/558\/revisions"}],"wp:attachment":[{"href":"https:\/\/studiodagostini.com\/pt\/wp-json\/wp\/v2\/media?parent=558"}],"wp:term":[{"taxonomy":"category","embeddable":true,"href":"https:\/\/studiodagostini.com\/pt\/wp-json\/wp\/v2\/categories?post=558"},{"taxonomy":"post_tag","embeddable":true,"href":"https:\/\/studiodagostini.com\/pt\/wp-json\/wp\/v2\/tags?post=558"}],"curies":[{"name":"wp","href":"https:\/\/api.w.org\/{rel}","templated":true}]}}