{"id":557,"date":"2024-12-20T09:14:17","date_gmt":"2024-12-20T08:14:17","guid":{"rendered":"https:\/\/intelligent-shannon.217-28-65-195.plesk.page\/2024\/12\/20\/nuovo-regime-iva-prestiti-distacchi-personale\/"},"modified":"2024-12-20T09:14:17","modified_gmt":"2024-12-20T08:14:17","slug":"novo-regime-de-iva-empresta-destacamentos-de-pessoal","status":"publish","type":"post","link":"https:\/\/studiodagostini.com\/pt\/circulares\/2024\/12\/20\/novo-regime-de-iva-empresta-destacamentos-de-pessoal\/","title":{"rendered":"Novo regime de IVA para empr\u00e9stimos e destacamentos de pessoal"},"content":{"rendered":"<p>Conforme previsto no artigo 16-ter do Decreto-Lei n.\u00ba 131, de 16.09.2024, foi introduzido o novo regime de aplica\u00e7\u00e3o do IVA aos empr\u00e9stimos e destacamentos de pessoal.<\/p>\n<p><!--more--><\/p>\n<p>Em particular, estipula-se que:<\/p>\n<ul>\n<li>Os empr\u00e9stimos e os destacamentos de pessoal n\u00e3o est\u00e3o mais exclu\u00eddos da aplica\u00e7\u00e3o do IVA, pois o artigo 8(35) da Lei 67\/1988 foi revogado; consequentemente, essas transa\u00e7\u00f5es, se forem realizadas em troca de uma contrapresta\u00e7\u00e3o, est\u00e3o sujeitas ao imposto \u00e0 al\u00edquota normal de 22%;<\/li>\n<li>As novas regras se aplicam aos contratos de empr\u00e9stimo e de destacamento de pessoal celebrados ou renovados a partir de 01.01.2025.<\/li>\n<\/ul>\n<p>De acordo com o par\u00e1grafo 2 do mesmo artigo, a conduta adotada pelos sujeitos passivos antes de 1\u00ba de janeiro de 2025 \u00e9 salvaguardada; consequentemente, se o contrato for celebrado ou renovado no decorrer de 2024, a possibilidade de excluir a contrapresta\u00e7\u00e3o do IVA permanece v\u00e1lida se constituir um mero estorno do custo do pessoal destacado (Court of Cassation No. 16234\/2024), sem que tal conduta possa ser contestada.<\/p>\n<p>Somente para esses contratos a interpreta\u00e7\u00e3o da Corte de Cassa\u00e7\u00e3o ainda se aplicaria, de acordo com a qual, no caso de a contrapresta\u00e7\u00e3o exceder os custos de pessoal, o IVA deve ser aplicado exclusivamente sobre a margem de benef\u00edcio para a parte secund\u00e1ria (Corte de Cassa\u00e7\u00e3o n\u00ba 19129\/2010).<\/p>\n<p>Permanecendo \u00e0 disposi\u00e7\u00e3o para quaisquer d\u00favidas ou solicita\u00e7\u00f5es de esclarecimentos, aproveitamos a oportunidade para estender nossos melhores cumprimentos a todos.<\/p>","protected":false},"excerpt":{"rendered":"<p>Conforme previsto no artigo 16-ter do Decreto-Lei n.\u00ba 131, de 16.09.2024, foi introduzido o novo regime de aplica\u00e7\u00e3o do IVA aos empr\u00e9stimos e destacamentos de pessoal.<\/p>","protected":false},"author":1,"featured_media":0,"comment_status":"closed","ping_status":"closed","sticky":false,"template":"","format":"standard","meta":{"_acf_changed":false,"footnotes":""},"categories":[18],"tags":[],"class_list":["post-557","post","type-post","status-publish","format-standard","hentry","category-blog"],"acf":[],"_links":{"self":[{"href":"https:\/\/studiodagostini.com\/pt\/wp-json\/wp\/v2\/posts\/557","targetHints":{"allow":["GET"]}}],"collection":[{"href":"https:\/\/studiodagostini.com\/pt\/wp-json\/wp\/v2\/posts"}],"about":[{"href":"https:\/\/studiodagostini.com\/pt\/wp-json\/wp\/v2\/types\/post"}],"author":[{"embeddable":true,"href":"https:\/\/studiodagostini.com\/pt\/wp-json\/wp\/v2\/users\/1"}],"replies":[{"embeddable":true,"href":"https:\/\/studiodagostini.com\/pt\/wp-json\/wp\/v2\/comments?post=557"}],"version-history":[{"count":0,"href":"https:\/\/studiodagostini.com\/pt\/wp-json\/wp\/v2\/posts\/557\/revisions"}],"wp:attachment":[{"href":"https:\/\/studiodagostini.com\/pt\/wp-json\/wp\/v2\/media?parent=557"}],"wp:term":[{"taxonomy":"category","embeddable":true,"href":"https:\/\/studiodagostini.com\/pt\/wp-json\/wp\/v2\/categories?post=557"},{"taxonomy":"post_tag","embeddable":true,"href":"https:\/\/studiodagostini.com\/pt\/wp-json\/wp\/v2\/tags?post=557"}],"curies":[{"name":"wp","href":"https:\/\/api.w.org\/{rel}","templated":true}]}}