{"id":556,"date":"2024-12-18T11:21:17","date_gmt":"2024-12-18T10:21:17","guid":{"rendered":"https:\/\/intelligent-shannon.217-28-65-195.plesk.page\/2024\/12\/18\/cause-cessazione-decadenza-concordato-preventivo-biennale\/"},"modified":"2024-12-18T11:21:17","modified_gmt":"2024-12-18T10:21:17","slug":"motivos-para-a-rescisao-de-um-acordo-de-composicao-de-dois-anos","status":"publish","type":"post","link":"https:\/\/studiodagostini.com\/pt\/circulares\/2024\/12\/18\/motivos-para-a-rescisao-de-um-acordo-de-composicao-de-dois-anos\/","title":{"rendered":"Causas de rescis\u00e3o e expira\u00e7\u00e3o da Concordata Preventiva Bienal"},"content":{"rendered":"<p>Para todos os clientes que aderiram ao Acordo Preventivo Bienal, de acordo com os artigos 21 e 22 do Decreto Legislativo 13\/2024, est\u00e3o previstas algumas causas espec\u00edficas de perda e rescis\u00e3o dos efeitos do CPB.<\/p>\n<p><!--more--><\/p>\n<p>Em particular, a Concordata deixa de ter efeito <strong>do per\u00edodo fiscal<\/strong> em que ocorre uma das seguintes condi\u00e7\u00f5es:<\/p>\n<ul>\n<li data-mce-word-list=\"1\">o contribuinte <strong>modifica a atividade<\/strong> durante o per\u00edodo de dois anos do acordo em compara\u00e7\u00e3o com a exercida no per\u00edodo fiscal anterior ao per\u00edodo de dois anos. A rescis\u00e3o n\u00e3o ocorre se a mesma ISA se aplicar a novas atividades;<\/li>\n<li data-mce-word-list=\"1\">o contribuinte <strong>cessar a atividade<\/strong>;<\/li>\n<li data-mce-word-list=\"1\">o contribuinte adere ao <strong>regime de taxa fixa<\/strong> (quando aplic\u00e1vel);<\/li>\n<li data-mce-word-list=\"1\">a empresa ou entidade \u00e9 afetada por <strong>transa\u00e7\u00f5es extraordin\u00e1rias<\/strong> fus\u00e3o, cis\u00e3o, contribui\u00e7\u00e3o;<\/li>\n<li data-mce-word-list=\"1\">a empresa <strong>de pessoas<\/strong> ou a associa\u00e7\u00e3o <strong>sem personalidade jur\u00eddica<\/strong> \u00e9 afetado por <strong>mudan\u00e7as na estrutura corporativa<\/strong> aumentar o n\u00famero de membros ou associados;<\/li>\n<li data-mce-word-list=\"1\">o contribuinte declara receitas superiores a <strong>7.746.853,50 euros<\/strong> (excluindo os rendimentos da venda de a\u00e7\u00f5es, t\u00edtulos ou participa\u00e7\u00f5es acion\u00e1rias, ou outros t\u00edtulos ou instrumentos financeiros semelhantes, que n\u00e3o constituem ativos financeiros fixos).<\/li>\n<\/ul>\n<p>Em vez disso, a Concordata deixa de ter efeito <strong>para ambos os per\u00edodos fiscais<\/strong> nos seguintes casos:<\/p>\n<ol style=\"list-style-type: lower-alpha;\">\n<li data-mce-word-list=\"1\">a exist\u00eancia de ativos n\u00e3o declarados ou a inexist\u00eancia ou n\u00e3o dedutibilidade de passivos declarados por um valor superior a 30% da receita declarada nos per\u00edodos fiscais sujeitos ao acordo ou no per\u00edodo fiscal anterior, ou outras viola\u00e7\u00f5es de import\u00e2ncia n\u00e3o menor. Elas s\u00e3o consideradas de pouca import\u00e2ncia:\n<ol>\n<li data-mce-word-list=\"1\">as viola\u00e7\u00f5es do Decreto Legislativo 74\/2000 (declara\u00e7\u00f5es fraudulentas, falsas ou omitidas, emiss\u00e3o de documentos para transa\u00e7\u00f5es inexistentes, oculta\u00e7\u00e3o ou destrui\u00e7\u00e3o de documentos cont\u00e1beis ou falta de pagamento de impostos retidos na fonte certificados, falta de pagamento de IVA e compensa\u00e7\u00e3o indevida al\u00e9m dos limites previstos, bem como qualquer outro delito mencionado no mesmo Decreto) em rela\u00e7\u00e3o aos per\u00edodos fiscais cobertos pelo Acordo;<\/li>\n<li data-mce-word-list=\"1\">o relato impreciso ou incompleto de dados relevantes para a aplica\u00e7\u00e3o da ISA, de tal forma que resulte em uma renda ou valor l\u00edquido de produ\u00e7\u00e3o inferior, sujeito ao Arranjo, em mais de 30%;<\/li>\n<li data-mce-word-list=\"1\">n\u00e3o apresenta\u00e7\u00e3o de declara\u00e7\u00f5es de imposto de renda e de imposto regional de neg\u00f3cios, declara\u00e7\u00f5es de imposto substituto ou declara\u00e7\u00f5es anuais de IVA (Artigos 1(1), 2(1) e 5(1) do Decreto Legislativo 471\/1997) relativas aos anos cobertos pelo acordo;<\/li>\n<li data-mce-word-list=\"1\">a falha\/n\u00e3o armazenamento eletr\u00f4nico oportuno e transmiss\u00e3o telem\u00e1tica dos dados dos recibos ou quando esses dados estiverem incompletos\/inver\u00eddicos ou a n\u00e3o emiss\u00e3o de recibos de impostos, recibos de impostos ou documentos de transporte ou a emiss\u00e3o desses documentos para valores inferiores aos valores reais (Artigo 6(2-bis) e (3) do Decreto Legislativo n\u00ba 471\/1997), contestados em um n\u00famero igual ou superior a tr\u00eas, cometidos em dias diferentes;<\/li>\n<li data-mce-word-list=\"1\">a remo\u00e7\u00e3o da inspe\u00e7\u00e3o e verifica\u00e7\u00e3o de documentos, registros ou registros cont\u00e1beis (Artigo 9(2) do Decreto Legislativo 471\/1997);<\/li>\n<li data-mce-word-list=\"1\">n\u00e3o instala\u00e7\u00e3o ou adultera\u00e7\u00e3o dos dispositivos de emiss\u00e3o de recibos fiscais ou uso de tais dispositivos (Artigo 11(5) e (5-bis) do Decreto Legislativo 471\/1997 e Artigo 2 da Lei 18\/1983);<\/li>\n<\/ol>\n<\/li>\n<li data-mce-word-list=\"1\">quando, ap\u00f3s a altera\u00e7\u00e3o ou complementa\u00e7\u00e3o da declara\u00e7\u00e3o de imposto de renda, os dados e informa\u00e7\u00f5es declarados resultarem em uma quantifica\u00e7\u00e3o de renda ou valor l\u00edquido de produ\u00e7\u00e3o diferente daquela com base na qual ocorreu a aceita\u00e7\u00e3o da proposta de composi\u00e7\u00e3o;<\/li>\n<li data-mce-word-list=\"1\">s\u00e3o indicados dados na declara\u00e7\u00e3o de imposto de renda que n\u00e3o correspondem aos dados divulgados para fins da proposta de acordo;<\/li>\n<li data-mce-word-list=\"1\">for estabelecido que um dos requisitos para acesso ao CPB estabelecidos nos artigos 10 e 11 do Decreto Legislativo 13\/2024 n\u00e3o foi atendido;<\/li>\n<li data-mce-word-list=\"1\">o pagamento dos valores devidos como resultado de atividades de controle automatizadas pela Ag\u00eancia da Receita \u00e9 omitido.<\/li>\n<\/ol>\n<p>As infra\u00e7\u00f5es mencionadas nos subpar\u00e1grafos (a)(1) e (2) e (e) n\u00e3o s\u00e3o relevantes para fins de confisco no caso de o contribuinte ter regularizado sua situa\u00e7\u00e3o por meio de arrependimento, desde que a infra\u00e7\u00e3o ainda n\u00e3o tenha sido verificada e, em qualquer caso, n\u00e3o tenham sido iniciados acessos, inspe\u00e7\u00f5es, auditorias ou outras atividades de verifica\u00e7\u00e3o administrativa das quais o infrator ou as pessoas solidariamente respons\u00e1veis tenham tido conhecimento formal.<\/p>\n<p>No caso de perda do acordo, os impostos e contribui\u00e7\u00f5es determinados levando em conta a renda acordada e o valor l\u00edquido da produ\u00e7\u00e3o permanecem devidos se forem mais altos do que os efetivamente alcan\u00e7ados.<\/p>\n<p>Permanecendo \u00e0 disposi\u00e7\u00e3o para quaisquer d\u00favidas ou solicita\u00e7\u00f5es de esclarecimentos, aproveitamos a oportunidade para estender nossos melhores cumprimentos a todos.<\/p>","protected":false},"excerpt":{"rendered":"<p>Para todos os clientes que aderiram ao Acordo Preventivo Bienal, de acordo com os artigos 21 e 22 do Decreto Legislativo 13\/2024, est\u00e3o previstas algumas causas espec\u00edficas de perda e rescis\u00e3o dos efeitos do CPB.<\/p>","protected":false},"author":1,"featured_media":0,"comment_status":"closed","ping_status":"closed","sticky":false,"template":"","format":"standard","meta":{"_acf_changed":false,"footnotes":""},"categories":[18],"tags":[],"class_list":["post-556","post","type-post","status-publish","format-standard","hentry","category-blog"],"acf":[],"_links":{"self":[{"href":"https:\/\/studiodagostini.com\/pt\/wp-json\/wp\/v2\/posts\/556","targetHints":{"allow":["GET"]}}],"collection":[{"href":"https:\/\/studiodagostini.com\/pt\/wp-json\/wp\/v2\/posts"}],"about":[{"href":"https:\/\/studiodagostini.com\/pt\/wp-json\/wp\/v2\/types\/post"}],"author":[{"embeddable":true,"href":"https:\/\/studiodagostini.com\/pt\/wp-json\/wp\/v2\/users\/1"}],"replies":[{"embeddable":true,"href":"https:\/\/studiodagostini.com\/pt\/wp-json\/wp\/v2\/comments?post=556"}],"version-history":[{"count":0,"href":"https:\/\/studiodagostini.com\/pt\/wp-json\/wp\/v2\/posts\/556\/revisions"}],"wp:attachment":[{"href":"https:\/\/studiodagostini.com\/pt\/wp-json\/wp\/v2\/media?parent=556"}],"wp:term":[{"taxonomy":"category","embeddable":true,"href":"https:\/\/studiodagostini.com\/pt\/wp-json\/wp\/v2\/categories?post=556"},{"taxonomy":"post_tag","embeddable":true,"href":"https:\/\/studiodagostini.com\/pt\/wp-json\/wp\/v2\/tags?post=556"}],"curies":[{"name":"wp","href":"https:\/\/api.w.org\/{rel}","templated":true}]}}