{"id":555,"date":"2024-12-13T10:35:15","date_gmt":"2024-12-13T09:35:15","guid":{"rendered":"https:\/\/intelligent-shannon.217-28-65-195.plesk.page\/2024\/12\/13\/esenzione-imu-coltivatori-diretti-imprenditori-agricoli-professionali\/"},"modified":"2024-12-13T10:35:15","modified_gmt":"2024-12-13T09:35:15","slug":"isencao-de-imu-para-cultivadores-diretos-empresarios-agricolas-profissionais","status":"publish","type":"post","link":"https:\/\/studiodagostini.com\/pt\/circulares\/2024\/12\/13\/isencao-de-imu-para-cultivadores-diretos-empresarios-agricolas-profissionais\/","title":{"rendered":"Isen\u00e7\u00e3o de IMU para cultivadores diretos e empres\u00e1rios agr\u00edcolas profissionais"},"content":{"rendered":"<p>Gostar\u00edamos de lembrar a todos que o artigo 1\u00ba, par\u00e1grafo 758 da Lei 160 de 2019 previa a isen\u00e7\u00e3o do IMU para terrenos de propriedade e conduzidos por <em>\"cultivadores diretos<\/em> (CD) e o <em>\"empres\u00e1rios agr\u00edcolas profissionais<\/em> (IAP), registrado no sistema de seguridade social agr\u00edcola, incluindo empresas agr\u00edcolas mencionadas no Artigo 1(3) do Decreto Legislativo 99\/2004, independentemente da localiza\u00e7\u00e3o da terra.<\/p>\n<p><!--more--><\/p>\n<p>A isen\u00e7\u00e3o tamb\u00e9m se estende:<\/p>\n<ul>\n<li>aos parceiros de parcerias que exercem atividade agr\u00edcola e que tenham o status de CD ou IAP;<\/li>\n<li>os membros da fam\u00edlia auxiliadora do CD registrados na administra\u00e7\u00e3o de previd\u00eancia social e bem-estar agr\u00edcola como CDs;<\/li>\n<li>aos aposentados do CD e do IAP que continuarem inscritos na administra\u00e7\u00e3o da previd\u00eancia social e do bem-estar agr\u00edcola e que continuarem a exercer atividade agr\u00edcola.<\/li>\n<\/ul>\n<p>No caso de a terra ser mantida em copropriedade, a isen\u00e7\u00e3o se aplica somente aos copropriet\u00e1rios com status de CD ou IAP que cultivam a terra.<br \/>A isen\u00e7\u00e3o tamb\u00e9m se aplica a terrenos qualificados como terrenos para constru\u00e7\u00e3o.<\/p>\n<p>&nbsp;Permanecendo \u00e0 disposi\u00e7\u00e3o para quaisquer d\u00favidas ou solicita\u00e7\u00f5es de esclarecimentos, aproveitamos a oportunidade para estender nossos melhores cumprimentos a todos.<\/p>","protected":false},"excerpt":{"rendered":"<p>Ricordiamo a tutti che con l\u2019art. 1, comma 758, della Legge 160 del 2019, \u00e8 stata prevista l\u2019esenzione dell\u2019IMU per i terreni posseduti e condotti dai \u201ccoltivatori diretti\u201d (CD) e dagli \u201cimprenditori agricoli professionali\u201d (IAP), iscritti alla previdenza agricola, comprese le societ\u00e0 agricole di cui all\u2019art. 1, comma 3, del D.Lgs 99\/2004, indipendentemente dall\u2019ubicazione del [&hellip;]<\/p>\n","protected":false},"author":1,"featured_media":0,"comment_status":"closed","ping_status":"closed","sticky":false,"template":"","format":"standard","meta":{"_acf_changed":false,"footnotes":""},"categories":[18],"tags":[],"class_list":["post-555","post","type-post","status-publish","format-standard","hentry","category-blog"],"acf":[],"_links":{"self":[{"href":"https:\/\/studiodagostini.com\/pt\/wp-json\/wp\/v2\/posts\/555","targetHints":{"allow":["GET"]}}],"collection":[{"href":"https:\/\/studiodagostini.com\/pt\/wp-json\/wp\/v2\/posts"}],"about":[{"href":"https:\/\/studiodagostini.com\/pt\/wp-json\/wp\/v2\/types\/post"}],"author":[{"embeddable":true,"href":"https:\/\/studiodagostini.com\/pt\/wp-json\/wp\/v2\/users\/1"}],"replies":[{"embeddable":true,"href":"https:\/\/studiodagostini.com\/pt\/wp-json\/wp\/v2\/comments?post=555"}],"version-history":[{"count":0,"href":"https:\/\/studiodagostini.com\/pt\/wp-json\/wp\/v2\/posts\/555\/revisions"}],"wp:attachment":[{"href":"https:\/\/studiodagostini.com\/pt\/wp-json\/wp\/v2\/media?parent=555"}],"wp:term":[{"taxonomy":"category","embeddable":true,"href":"https:\/\/studiodagostini.com\/pt\/wp-json\/wp\/v2\/categories?post=555"},{"taxonomy":"post_tag","embeddable":true,"href":"https:\/\/studiodagostini.com\/pt\/wp-json\/wp\/v2\/tags?post=555"}],"curies":[{"name":"wp","href":"https:\/\/api.w.org\/{rel}","templated":true}]}}