{"id":551,"date":"2024-11-18T14:52:33","date_gmt":"2024-11-18T13:52:33","guid":{"rendered":"https:\/\/intelligent-shannon.217-28-65-195.plesk.page\/2024\/11\/18\/proroga-termine-aderire-concordato-preventivo-biennale-cpb\/"},"modified":"2024-11-18T14:52:33","modified_gmt":"2024-11-18T13:52:33","slug":"prorrogacao-do-prazo-para-adesao-ao-acordo-de-composicao-bienal-cpb","status":"publish","type":"post","link":"https:\/\/studiodagostini.com\/pt\/circulares\/2024\/11\/18\/prorrogacao-do-prazo-para-adesao-ao-acordo-de-composicao-bienal-cpb\/","title":{"rendered":"Prorroga\u00e7\u00e3o do prazo para ades\u00e3o \u00e0 Concordata Preventiva Bienal (CPB)"},"content":{"rendered":"<p>O art. 1\u00ba do Decreto-Lei n\u00ba 167, de 14\/11\/2024, previu a reabertura dos prazos para ades\u00e3o ao Regime Preventivo Bienal para todos os sujeitos do ISA (portanto, n\u00e3o se refere aos sujeitos de taxa fixa e aos sujeitos exclu\u00eddos do ISA, inclusive aqueles com receita igual ou superior a \u20ac 5.164.569 em 2023), que entregaram suas declara\u00e7\u00f5es fiscais at\u00e9 o prazo de 31\/10\/2024 e que, apesar de eleg\u00edveis, n\u00e3o aderiram ao CPB.<\/p>\n<p><!--more--><\/p>\n<p>O novo prazo para ades\u00e3o \u00e9 <strong>12.12.2024<\/strong> e, para acesso ao novo instituto, \u00e9 necess\u00e1rio que a declara\u00e7\u00e3o complementar a ser apresentada n\u00e3o reduza a renda tribut\u00e1vel ou a obriga\u00e7\u00e3o tribut\u00e1ria, nem aumente o cr\u00e9dito em rela\u00e7\u00e3o \u00e0 declara\u00e7\u00e3o original.<\/p>\n<p><strong>&nbsp;<\/strong><\/p>\n<p><strong>O QUE \u00c9 O ACORDO DE COMPOSI\u00c7\u00c3O DE DOIS ANOS<\/strong><\/p>\n<p>Conforme comunicado em circulares anteriores sobre o assunto, o CPB \u00e9 uma proposta formulada pela Revenue Agency para definir <strong>antecipadamente e em uma base fixa<\/strong> impostos para os anos de 2024-2025, <strong>independentemente da renda real obtida<\/strong>.<\/p>\n<p>Com a reabertura dos prazos acima mencionada, os contribuintes obrigados a aplicar ISAs para os quais as condi\u00e7\u00f5es de recusa estabelecidas no decreto do CPB n\u00e3o foram atendidas poder\u00e3o aderir ao CPB e, em particular, os contribuintes que<\/p>\n<ul>\n<li data-mce-word-list=\"1\">tiverem d\u00edvidas tribut\u00e1rias e previdenci\u00e1rias definitivamente avaliadas, totalizando mais de 5.000,00 euros em 31.12.2023, a menos que tenham sido reduzidas a esse limite ou pagas em parcelas antes da ades\u00e3o;<\/li>\n<li data-mce-word-list=\"1\">n\u00e3o tenham apresentado declara\u00e7\u00e3o de imposto de renda para pelo menos um dos tr\u00eas per\u00edodos fiscais anteriores \u00e0queles em que o acordo se aplica, quando houver a obriga\u00e7\u00e3o de faz\u00ea-lo;<\/li>\n<li data-mce-word-list=\"1\">tenham recebido condena\u00e7\u00f5es por delitos previstos no Decreto Legislativo n\u00ba 74\/2000, no artigo 2621 do C\u00f3digo Civil, bem como nos artigos 648-bis, 648-ter e 648-ter 1 do C\u00f3digo Penal (falsa contabilidade, falsas comunica\u00e7\u00f5es corporativas, lavagem de dinheiro\/autolavagem, acordo de dela\u00e7\u00e3o premiada com dois anos de pris\u00e3o), cometidos nos \u00faltimos tr\u00eas per\u00edodos fiscais anteriores aos da aplica\u00e7\u00e3o do acordo;<\/li>\n<li data-mce-word-list=\"1\">tenham obtido renda isenta, exclu\u00edda ou n\u00e3o concorrente com a base tribut\u00e1ria em uma extens\u00e3o que exceda 40% de sua renda proveniente do exerc\u00edcio de seu com\u00e9rcio, neg\u00f3cio ou profiss\u00e3o;<\/li>\n<li data-mce-word-list=\"1\">em 2024 realizaram fus\u00f5es, cis\u00f5es, contribui\u00e7\u00f5es ou altera\u00e7\u00f5es na estrutura acion\u00e1ria (excluindo apenas a divis\u00e3o de a\u00e7\u00f5es);<\/li>\n<li data-mce-word-list=\"1\">n\u00e3o apresentaram sua declara\u00e7\u00e3o de imposto de renda de 2023 at\u00e9 o prazo final de 31.10.2024.<\/li>\n<\/ul>\n<p>Com rela\u00e7\u00e3o \u00e0s partes da ISA que entraram no acordo, qualquer atividade de avalia\u00e7\u00e3o para per\u00edodos fiscais sujeitos ao CPB n\u00e3o pressup\u00f5e reconstru\u00e7\u00f5es anal\u00edtico-indutivas.<strong> <br \/><\/strong><\/p>\n<p><strong>PROTE\u00c7\u00c3O FISCAL PARA OS ANOS DE 2018 A 2022<\/strong><\/p>\n<p>Quando o Decreto-Lei 113\/2024 (Decreto Omnibus) foi convertido em lei em 9 de outubro de 2024, tamb\u00e9m foi introduzida a possibilidade de <strong>definir e regularizar, em uma base facilitada, a renda n\u00e3o declarada para per\u00edodos fiscais entre 2018 e 2022<\/strong> pelos sujeitos do ISA que aderirem ao CPB para 2024-2025, pagando um imposto substituto sobre o imposto de renda, sobretaxas relacionadas e IRAP sobre a renda mais alta, determinada com base em sua pontua\u00e7\u00e3o no ISA (para obter mais detalhes, consulte a circular de 16.10.2024).<\/p>\n<p>Gostaria de salientar a todos, no entanto, que a ades\u00e3o ao Regime Preventivo Bienal para os sujeitos do ISA implica a prorroga\u00e7\u00e3o para 31.12.2025 dos prazos para autua\u00e7\u00f5es fiscais que teriam expirado em 31.12.2024; al\u00e9m disso, para os sujeitos do ISA que tamb\u00e9m aderirem \u00e0 anistia especial para um ou mais anos entre 2018 e 2021, os prazos para autua\u00e7\u00f5es seriam todos prorrogados para 31.12.2027.<\/p>\n<p>Permanecendo \u00e0 disposi\u00e7\u00e3o para quaisquer d\u00favidas ou solicita\u00e7\u00f5es de esclarecimentos, aproveitamos a oportunidade para estender nossos melhores cumprimentos a todos.<\/p>","protected":false},"excerpt":{"rendered":"<p>L\u2019art. 1 del D.L. n. 167 del 14\/11\/2024 ha previsto la riapertura dei termini per aderire al Concordato Preventivo Biennale per tutti i soggetti ISA (non riguarda, quindi, i soggetti forfetari ed i soggetti esclusi ISA, tra cui quelli con ricavi di ammontare pari o superiori nel 2023 ad euro 5.164.569), che hanno presentato la [&hellip;]<\/p>\n","protected":false},"author":1,"featured_media":0,"comment_status":"closed","ping_status":"closed","sticky":false,"template":"","format":"standard","meta":{"_acf_changed":false,"footnotes":""},"categories":[18],"tags":[],"class_list":["post-551","post","type-post","status-publish","format-standard","hentry","category-blog"],"acf":[],"_links":{"self":[{"href":"https:\/\/studiodagostini.com\/pt\/wp-json\/wp\/v2\/posts\/551","targetHints":{"allow":["GET"]}}],"collection":[{"href":"https:\/\/studiodagostini.com\/pt\/wp-json\/wp\/v2\/posts"}],"about":[{"href":"https:\/\/studiodagostini.com\/pt\/wp-json\/wp\/v2\/types\/post"}],"author":[{"embeddable":true,"href":"https:\/\/studiodagostini.com\/pt\/wp-json\/wp\/v2\/users\/1"}],"replies":[{"embeddable":true,"href":"https:\/\/studiodagostini.com\/pt\/wp-json\/wp\/v2\/comments?post=551"}],"version-history":[{"count":0,"href":"https:\/\/studiodagostini.com\/pt\/wp-json\/wp\/v2\/posts\/551\/revisions"}],"wp:attachment":[{"href":"https:\/\/studiodagostini.com\/pt\/wp-json\/wp\/v2\/media?parent=551"}],"wp:term":[{"taxonomy":"category","embeddable":true,"href":"https:\/\/studiodagostini.com\/pt\/wp-json\/wp\/v2\/categories?post=551"},{"taxonomy":"post_tag","embeddable":true,"href":"https:\/\/studiodagostini.com\/pt\/wp-json\/wp\/v2\/tags?post=551"}],"curies":[{"name":"wp","href":"https:\/\/api.w.org\/{rel}","templated":true}]}}