{"id":549,"date":"2024-10-16T10:16:13","date_gmt":"2024-10-16T08:16:13","guid":{"rendered":"https:\/\/intelligent-shannon.217-28-65-195.plesk.page\/2024\/10\/16\/concordato-preventivo-biennale-cpb-definizione-agevolata-esercizi-2018-2022\/"},"modified":"2024-10-16T10:16:13","modified_gmt":"2024-10-16T08:16:13","slug":"acordo-de-composicao-de-dois-anos-definicao-facilitada-pelo-cpb-exercicios-financeiros-de-2018-a-2022","status":"publish","type":"post","link":"https:\/\/studiodagostini.com\/pt\/circulares\/2024\/10\/16\/acordo-de-composicao-de-dois-anos-definicao-facilitada-pelo-cpb-exercicios-financeiros-de-2018-a-2022\/","title":{"rendered":"Acordo Preventivo Bienal (CPB) - Liquida\u00e7\u00e3o facilitada para os exerc\u00edcios financeiros de 2018 a 2022"},"content":{"rendered":"<p>Com rela\u00e7\u00e3o ao Conv\u00eanio Preventivo Bienal (CPB) ilustrado na circular anterior, gostar\u00edamos de ressaltar que, com a convers\u00e3o em Lei do D.L. 113\/2024 (Decreto Omnibus), que ocorreu em 9 de outubro de 2024, tamb\u00e9m foi introduzida a possibilidade de definir e regularizar, de forma facilitada, a renda n\u00e3o declarada nos per\u00edodos fiscais entre 2018 e 2022 pelos sujeitos do ISA (portanto, os sujeitos de taxa fixa est\u00e3o exclu\u00eddos) que aderir\u00e3o ao CPB para 2024-2025, pagando um imposto substituto do imposto de renda, sobretaxas relacionadas e IRAP sobre a renda mais alta, determinada de acordo com sua pontua\u00e7\u00e3o no ISA.<\/p>\n<p><!--more--><\/p>\n<p>Em particular, a base tribut\u00e1vel do imposto substituto do imposto de renda e das sobretaxas relacionadas \u00e9 constitu\u00edda, em uma base fixa, pela diferen\u00e7a entre a renda de neg\u00f3cios ou de trabalho aut\u00f4nomo j\u00e1 declarada em cada anuidade e o valor da mesma acrescido de:<\/p>\n<ol>\n<li data-mce-word-list=\"1\">5% para indiv\u00edduos com uma pontua\u00e7\u00e3o ISA de 10;<\/li>\n<li data-mce-word-list=\"1\">10% para indiv\u00edduos com uma pontua\u00e7\u00e3o ISA igual ou superior a 8 e inferior a 10;<\/li>\n<li data-mce-word-list=\"1\">20% para indiv\u00edduos com uma pontua\u00e7\u00e3o ISA igual ou superior a 6 e inferior a 8;<\/li>\n<li data-mce-word-list=\"1\">30% para indiv\u00edduos com uma pontua\u00e7\u00e3o ISA igual ou superior a 4 e inferior a 6;<\/li>\n<li data-mce-word-list=\"1\">40% para indiv\u00edduos com uma pontua\u00e7\u00e3o ISA igual ou superior a 3 e inferior a 4;<\/li>\n<li data-mce-word-list=\"1\">50% para indiv\u00edduos com escores ISA abaixo de 3;<\/li>\n<\/ol>\n<p>enquanto a base tribut\u00e1vel para o imposto substituto do IRAP \u00e9 a diferen\u00e7a entre o valor da produ\u00e7\u00e3o l\u00edquida j\u00e1 declarada em cada ano e o valor da mesma aumentada na medida estabelecida acima.<\/p>\n<p>Uma vez que a base tribut\u00e1ria aumentada tenha sido calculada da maneira indicada, o imposto substituto sobre o imposto de renda e as sobretaxas relacionadas s\u00e3o aplicados \u00e0 al\u00edquota de:<\/p>\n<ol>\n<li data-mce-word-list=\"1\">10%, se no per\u00edodo fiscal \u00fanico a nota do ISA for 8 ou mais;<\/li>\n<li data-mce-word-list=\"1\">12%, se, no per\u00edodo fiscal individual, a nota do ISA for igual ou superior a 6, mas inferior a 8;<\/li>\n<li data-mce-word-list=\"1\">15%, se no per\u00edodo fiscal \u00fanico a nota do ISA for inferior a 6;<\/li>\n<\/ol>\n<p>enquanto o imposto substituto para o IRAP \u00e9 de 3,9%.<\/p>\n<p>No entanto, gostar\u00edamos de salientar a todos que a ades\u00e3o ao Regime Preventivo Bienal para os sujeitos da ISA implica a prorroga\u00e7\u00e3o para 31.12.2025 dos prazos para autua\u00e7\u00f5es fiscais que teriam expirado em 31.12.2024; al\u00e9m disso, para os sujeitos da ISA que tamb\u00e9m aderirem \u00e0 anistia especial para um ou mais anos entre 2018 e 2021, os prazos para autua\u00e7\u00f5es seriam todos prorrogados para 31.12.2027.<\/p>\n<p>Permanecendo \u00e0 disposi\u00e7\u00e3o para quaisquer d\u00favidas ou solicita\u00e7\u00f5es de esclarecimentos, aproveitamos a oportunidade para estender nossos melhores cumprimentos a todos.<\/p>","protected":false},"excerpt":{"rendered":"<p>Relativamente al Concordato Preventivo Biennale (CPB) illustrato nella precedente circolare, segnaliamo che, in sede di conversione in Legge del D.L. 113\/2024 (Decreto Omnibus), avvenuta il 9 Ottobre 2024, \u00e8 stata introdotta anche la possibilit\u00e0 di definire e di regolarizzare in misura agevolata i redditi non dichiarati nei periodi d&#8217;imposta compresi tra il 2018 ed il [&hellip;]<\/p>\n","protected":false},"author":1,"featured_media":0,"comment_status":"closed","ping_status":"closed","sticky":false,"template":"","format":"standard","meta":{"_acf_changed":false,"footnotes":""},"categories":[18],"tags":[],"class_list":["post-549","post","type-post","status-publish","format-standard","hentry","category-blog"],"acf":[],"_links":{"self":[{"href":"https:\/\/studiodagostini.com\/pt\/wp-json\/wp\/v2\/posts\/549","targetHints":{"allow":["GET"]}}],"collection":[{"href":"https:\/\/studiodagostini.com\/pt\/wp-json\/wp\/v2\/posts"}],"about":[{"href":"https:\/\/studiodagostini.com\/pt\/wp-json\/wp\/v2\/types\/post"}],"author":[{"embeddable":true,"href":"https:\/\/studiodagostini.com\/pt\/wp-json\/wp\/v2\/users\/1"}],"replies":[{"embeddable":true,"href":"https:\/\/studiodagostini.com\/pt\/wp-json\/wp\/v2\/comments?post=549"}],"version-history":[{"count":0,"href":"https:\/\/studiodagostini.com\/pt\/wp-json\/wp\/v2\/posts\/549\/revisions"}],"wp:attachment":[{"href":"https:\/\/studiodagostini.com\/pt\/wp-json\/wp\/v2\/media?parent=549"}],"wp:term":[{"taxonomy":"category","embeddable":true,"href":"https:\/\/studiodagostini.com\/pt\/wp-json\/wp\/v2\/categories?post=549"},{"taxonomy":"post_tag","embeddable":true,"href":"https:\/\/studiodagostini.com\/pt\/wp-json\/wp\/v2\/tags?post=549"}],"curies":[{"name":"wp","href":"https:\/\/api.w.org\/{rel}","templated":true}]}}