{"id":548,"date":"2024-10-11T12:09:13","date_gmt":"2024-10-11T10:09:13","guid":{"rendered":"https:\/\/intelligent-shannon.217-28-65-195.plesk.page\/2024\/10\/11\/concordato-preventivo-biennale-cpb\/"},"modified":"2024-10-11T12:09:13","modified_gmt":"2024-10-11T10:09:13","slug":"acordo-de-composicao-de-dois-anos-cpb","status":"publish","type":"post","link":"https:\/\/studiodagostini.com\/pt\/circulares\/2024\/10\/11\/acordo-de-composicao-de-dois-anos-cpb\/","title":{"rendered":"Contrato Preventivo Bienal (CPB)"},"content":{"rendered":"<p>Os artigos 6 a 37 do Decreto Legislativo n\u00ba 13, de 12 de fevereiro de 2024, com a reda\u00e7\u00e3o dada pelo Decreto Legislativo n\u00ba 108, de 5 de agosto de 2024, previam a possibilidade de as ISAs e os contribuintes com direito a perd\u00e3o (para estes \u00faltimos, inicialmente apenas para o per\u00edodo fiscal de 2024) acessarem o Regime Preventivo Bienal (CPB) at\u00e9 31 de outubro de 2024.<\/p>\n<p><!--more--><\/p>\n<p>Sobre essa quest\u00e3o, a Ag\u00eancia Italiana de Receitas publicou a Circular n\u00ba 18\/E, de 25 de setembro de 2024, que fornece mais esclarecimentos sobre a aplica\u00e7\u00e3o do CPB, em particular com rela\u00e7\u00e3o aos procedimentos operacionais, \u00e0s partes eleg\u00edveis e aos benef\u00edcios fiscais fornecidos.<\/p>\n<p>O Acordo Preventivo Bienal \u00e9 uma proposta formulada pela Revenue Agency para definir <strong><span style=\"text-decoration: underline;\">antecipadamente e em uma base fixa<\/span><\/strong> para o per\u00edodo de dois anos 2024-2025 (para contribuintes com al\u00edquota fixa, somente para 2024), <strong><span style=\"text-decoration: underline;\">independentemente da renda real obtida<\/span><\/strong>.<\/p>\n<p>O acesso ao CPB \u00e9 permitido para os contribuintes obrigados a aplicar ISAs ou que aplicam o esquema de taxa fixa para os quais as condi\u00e7\u00f5es de recusa estabelecidas no decreto do CPB n\u00e3o s\u00e3o atendidas e, em particular, para os contribuintes que<\/p>\n<ul>\n<li data-mce-word-list=\"1\">tiverem d\u00edvidas tribut\u00e1rias e previdenci\u00e1rias definitivamente avaliadas, totalizando mais de 5.000,00 euros em 31.12.2023, a menos que tenham sido reduzidas a esse limite ou pagas em parcelas antes da ades\u00e3o;<\/li>\n<li data-mce-word-list=\"1\">n\u00e3o tenham apresentado declara\u00e7\u00e3o de imposto de renda para pelo menos um dos tr\u00eas per\u00edodos fiscais anteriores \u00e0queles em que o acordo se aplica, quando houver a obriga\u00e7\u00e3o de faz\u00ea-lo;<\/li>\n<li data-mce-word-list=\"1\">tenham recebido condena\u00e7\u00f5es por delitos previstos no Decreto Legislativo n\u00ba 74\/2000, no artigo 2621 do C\u00f3digo Civil, bem como nos artigos 648-bis, 648-ter e 648-ter 1 do C\u00f3digo Penal (falsa contabilidade, falsas comunica\u00e7\u00f5es corporativas, lavagem de dinheiro\/autolavagem, acordo de dela\u00e7\u00e3o premiada com dois anos de pris\u00e3o), cometidos nos \u00faltimos tr\u00eas per\u00edodos fiscais anteriores aos da aplica\u00e7\u00e3o do acordo;<\/li>\n<li data-mce-word-list=\"1\">tenham obtido renda isenta, exclu\u00edda ou n\u00e3o concorrente com a base tribut\u00e1ria em uma extens\u00e3o que exceda 40% de sua renda proveniente do exerc\u00edcio de seu com\u00e9rcio, neg\u00f3cio ou profiss\u00e3o;<\/li>\n<li data-mce-word-list=\"1\">em 2024 tenham aderido ao esquema de taxa fixa ou, no caso de entidades ou empresas, tenham realizado fus\u00f5es, cis\u00f5es, contribui\u00e7\u00f5es ou altera\u00e7\u00f5es na estrutura acion\u00e1ria (excluindo apenas a divis\u00e3o de a\u00e7\u00f5es).<\/li>\n<\/ul>\n<p>Com rela\u00e7\u00e3o \u00e0s partes da ISA que entraram no acordo, qualquer atividade de avalia\u00e7\u00e3o para per\u00edodos fiscais sujeitos ao CPB n\u00e3o pressup\u00f5e reconstru\u00e7\u00f5es anal\u00edtico-indutivas.<\/p>\n<p>Permanecendo \u00e0 disposi\u00e7\u00e3o para quaisquer d\u00favidas ou solicita\u00e7\u00f5es de esclarecimentos, aproveitamos a oportunidade para estender nossos melhores cumprimentos a todos.<\/p>","protected":false},"excerpt":{"rendered":"<p>Gli artt. da 6 a 37 del D.Lgs. n. 13 del 12 Febbraio 2024, cos\u00ec come modificati dal D.Lgs. n. 108 del 5 Agosto 2024, hanno previsto la possibilit\u00e0 per i soggetti ISA e forfetari (per quest\u2019ultimi, inizialmente solo per il periodo di imposta 2024) di accedere al Concordato Preventivo Biennale (CPB) entro il 31 [&hellip;]<\/p>\n","protected":false},"author":1,"featured_media":0,"comment_status":"closed","ping_status":"closed","sticky":false,"template":"","format":"standard","meta":{"_acf_changed":false,"footnotes":""},"categories":[18],"tags":[],"class_list":["post-548","post","type-post","status-publish","format-standard","hentry","category-blog"],"acf":[],"_links":{"self":[{"href":"https:\/\/studiodagostini.com\/pt\/wp-json\/wp\/v2\/posts\/548","targetHints":{"allow":["GET"]}}],"collection":[{"href":"https:\/\/studiodagostini.com\/pt\/wp-json\/wp\/v2\/posts"}],"about":[{"href":"https:\/\/studiodagostini.com\/pt\/wp-json\/wp\/v2\/types\/post"}],"author":[{"embeddable":true,"href":"https:\/\/studiodagostini.com\/pt\/wp-json\/wp\/v2\/users\/1"}],"replies":[{"embeddable":true,"href":"https:\/\/studiodagostini.com\/pt\/wp-json\/wp\/v2\/comments?post=548"}],"version-history":[{"count":0,"href":"https:\/\/studiodagostini.com\/pt\/wp-json\/wp\/v2\/posts\/548\/revisions"}],"wp:attachment":[{"href":"https:\/\/studiodagostini.com\/pt\/wp-json\/wp\/v2\/media?parent=548"}],"wp:term":[{"taxonomy":"category","embeddable":true,"href":"https:\/\/studiodagostini.com\/pt\/wp-json\/wp\/v2\/categories?post=548"},{"taxonomy":"post_tag","embeddable":true,"href":"https:\/\/studiodagostini.com\/pt\/wp-json\/wp\/v2\/tags?post=548"}],"curies":[{"name":"wp","href":"https:\/\/api.w.org\/{rel}","templated":true}]}}