{"id":1337,"date":"2025-12-19T12:55:00","date_gmt":"2025-12-19T11:55:00","guid":{"rendered":"https:\/\/studiodagostini.com\/?p=1337"},"modified":"2025-12-19T14:02:54","modified_gmt":"2025-12-19T13:02:54","slug":"isencao-de-iva-para-associacoes","status":"publish","type":"post","link":"https:\/\/studiodagostini.com\/pt\/circulares\/2025\/12\/19\/isencao-de-iva-para-associacoes\/","title":{"rendered":"Isen\u00e7\u00e3o de IVA para associa\u00e7\u00f5es"},"content":{"rendered":"<p>Como complemento \u00e0 circular de 21 de outubro de 2025, informamos que o artigo 6 do Decreto Legislativo 186\/2025, publicado no Di\u00e1rio Oficial na \u00faltima sexta-feira, 12 de dezembro de 2025, adiou para <strong>1\u00ba de janeiro de 2036<\/strong> (em oposi\u00e7\u00e3o a 1\u00ba de janeiro de 2026) a data a partir da qual o novo regime de isen\u00e7\u00e3o de IVA (em vez do regime de exclus\u00e3o) ser\u00e1 aplicado \u00e0s transa\u00e7\u00f5es realizadas por associa\u00e7\u00f5es, nos termos do artigo 5\u00ba, par\u00e1grafo 15-quater, do Decreto-Lei 146\/2021.<\/p>\n<p><!--more--><\/p>\n<p>Dessa forma, sujeito a modifica\u00e7\u00f5es posteriores, <strong><u>fornecimentos de bens e servi\u00e7os feitos mediante contrapresta\u00e7\u00e3o espec\u00edfica ou contribui\u00e7\u00f5es adicionais<\/u><\/strong>, de acordo com seus objetivos institucionais, por associa\u00e7\u00f5es pol\u00edticas, sindicais, religiosas, assistenciais, culturais, esportivas amadoras, de promo\u00e7\u00e3o social e de treinamento pessoal extracurricular, <span style=\"text-decoration: underline;\"><strong>com rela\u00e7\u00e3o a membros, associados, participantes e associa\u00e7\u00f5es<\/strong><\/span> que realizam a mesma atividade e pertencem a uma \u00fanica organiza\u00e7\u00e3o local ou nacional, bem como seus membros, associados ou participantes e membros de suas respectivas organiza\u00e7\u00f5es nacionais, <strong><u>continuar\u00e3o a se beneficiar da exclus\u00e3o fiscal nos termos do Artigo 4(4) do Decreto Presidencial 633\/1972<\/u><\/strong>.<\/p>\n<p>Entidades que, portanto, n\u00e3o t\u00eam um n\u00famero de IVA at\u00e9 o momento, pois n\u00e3o realizam nenhuma atividade comercial, <strong><u>n\u00e3o<\/u><\/strong> n\u00e3o ser\u00e3o mais obrigados a fazer o mesmo a partir de 1\u00ba de janeiro de 2026 se realizarem apenas as transa\u00e7\u00f5es mencionadas acima.<\/p>\n<p>&nbsp;<\/p>\n<p>Permanecendo \u00e0 disposi\u00e7\u00e3o para quaisquer d\u00favidas ou solicita\u00e7\u00f5es de esclarecimentos, aproveitamos a oportunidade para estender nossos melhores cumprimentos a todos.<\/p>","protected":false},"excerpt":{"rendered":"<p>Ad integrazione della circolare del 21 Ottobre 2025, segnaliamo che l\u2019art. 6 del D.Lgs. 186\/2025, pubblicato in Gazzetta Ufficiale lo scorso venerd\u00ec 12 Dicembre 2025, ha posticipato al 1\u00b0 Gennaio 2036 (rispetto al 1\u00b0 Gennaio 2026) il termine a decorrere dal quale trover\u00e0 applicazione il nuovo regime di esenzione IVA (in luogo di quello di [&hellip;]<\/p>\n","protected":false},"author":6,"featured_media":0,"comment_status":"closed","ping_status":"closed","sticky":false,"template":"","format":"standard","meta":{"_acf_changed":false,"footnotes":""},"categories":[18],"tags":[],"class_list":["post-1337","post","type-post","status-publish","format-standard","hentry","category-blog"],"acf":[],"_links":{"self":[{"href":"https:\/\/studiodagostini.com\/pt\/wp-json\/wp\/v2\/posts\/1337","targetHints":{"allow":["GET"]}}],"collection":[{"href":"https:\/\/studiodagostini.com\/pt\/wp-json\/wp\/v2\/posts"}],"about":[{"href":"https:\/\/studiodagostini.com\/pt\/wp-json\/wp\/v2\/types\/post"}],"author":[{"embeddable":true,"href":"https:\/\/studiodagostini.com\/pt\/wp-json\/wp\/v2\/users\/6"}],"replies":[{"embeddable":true,"href":"https:\/\/studiodagostini.com\/pt\/wp-json\/wp\/v2\/comments?post=1337"}],"version-history":[{"count":1,"href":"https:\/\/studiodagostini.com\/pt\/wp-json\/wp\/v2\/posts\/1337\/revisions"}],"predecessor-version":[{"id":1338,"href":"https:\/\/studiodagostini.com\/pt\/wp-json\/wp\/v2\/posts\/1337\/revisions\/1338"}],"wp:attachment":[{"href":"https:\/\/studiodagostini.com\/pt\/wp-json\/wp\/v2\/media?parent=1337"}],"wp:term":[{"taxonomy":"category","embeddable":true,"href":"https:\/\/studiodagostini.com\/pt\/wp-json\/wp\/v2\/categories?post=1337"},{"taxonomy":"post_tag","embeddable":true,"href":"https:\/\/studiodagostini.com\/pt\/wp-json\/wp\/v2\/tags?post=1337"}],"curies":[{"name":"wp","href":"https:\/\/api.w.org\/{rel}","templated":true}]}}