{"id":1310,"date":"2025-10-15T20:38:52","date_gmt":"2025-10-15T18:38:52","guid":{"rendered":"https:\/\/studiodagostini.com\/?p=1310"},"modified":"2025-10-22T20:47:02","modified_gmt":"2025-10-22T18:47:02","slug":"orgaos-associados-e-a-obrigacao-de-se-registrar-para-o-iva-a-partir-de-01-01-2026","status":"publish","type":"post","link":"https:\/\/studiodagostini.com\/pt\/circulares\/2025\/10\/15\/orgaos-associados-e-a-obrigacao-de-se-registrar-para-o-iva-a-partir-de-01-01-2026\/","title":{"rendered":"Associa\u00e7\u00f5es - Obriga\u00e7\u00e3o de registrar-se para o IVA a partir de 01.01.2026"},"content":{"rendered":"<p>De acordo com as disposi\u00e7\u00f5es do artigo 3, par\u00e1grafo 10, do Decreto Lei 202\/2024 (o chamado Decreto Milleproroghe), ele foi adiado para <strong>1\u00ba de janeiro de 2026<\/strong> (em oposi\u00e7\u00e3o a 1\u00ba de janeiro de 2025) a data a partir da qual o novo regime de isen\u00e7\u00e3o de IVA (em vez do regime de exclus\u00e3o) se aplica \u00e0s transa\u00e7\u00f5es realizadas por entidades associativas nos termos do artigo 5\u00ba, par\u00e1grafo 15-quater, do Decreto-Lei 146\/2021.<\/p>\n<p><!--more--><\/p>\n<p>Lembramos que, com o objetivo de uniformizar as regras nacionais com as da Uni\u00e3o Europeia, em conformidade com o disposto na Diretiva 2006\/112\/CE, o artigo 5.\u00ba, n.\u00ba 15-quater, do Decreto-Lei n.\u00ba 146\/2021 alterou os artigos 4.\u00ba e 10.\u00ba do Decreto Presidencial n.\u00ba 633\/1972, por um lado, abolindo os casos de exclus\u00e3o do IVA previstos para determinadas opera\u00e7\u00f5es das associa\u00e7\u00f5es e, por outro, prevendo o regime de isen\u00e7\u00e3o para a generalidade dessas opera\u00e7\u00f5es.<\/p>\n<p>Em particular, <strong><u>fornecimentos de bens e servi\u00e7os feitos mediante contrapresta\u00e7\u00e3o espec\u00edfica ou contribui\u00e7\u00f5es adicionais<\/u><\/strong>, de acordo com suas finalidades institucionais, por associa\u00e7\u00f5es pol\u00edticas, sindicais, profissionais, religiosas, caritativas, culturais, esportivas amadoras, de promo\u00e7\u00e3o social e de forma\u00e7\u00e3o pessoal extracurricular, em rela\u00e7\u00e3o aos membros, associados, portadores de carteirinha, participantes e associa\u00e7\u00f5es que desenvolvam a mesma atividade e fa\u00e7am parte de uma \u00fanica organiza\u00e7\u00e3o local ou nacional, bem como seus respectivos membros, associados ou participantes e portadores de carteirinha das respectivas organiza\u00e7\u00f5es nacionais, que atualmente se beneficiam da exclus\u00e3o do imposto nos termos do artigo 4, par\u00e1grafo 4, do Decreto Presidencial 633\/1972, <strong><u>ser\u00e3o inclu\u00eddos no escopo do imposto<\/u><\/strong>.<\/p>\n<p>Na maioria dos casos, as associa\u00e7\u00f5es ainda se beneficiar\u00e3o da isen\u00e7\u00e3o de IVA, mas a mudan\u00e7a de regime acarretar\u00e1 um aumento nas formalidades, j\u00e1 que as transa\u00e7\u00f5es isentas de IVA ainda est\u00e3o sujeitas \u00e0s obriga\u00e7\u00f5es formais usuais do imposto (faturamento, declara\u00e7\u00e3o anual de IVA etc.).<\/p>\n<p>Em todo caso, com o desaparecimento do regime de exclus\u00e3o para transa\u00e7\u00f5es com associados, <strong><u>o efeito para muitas associa\u00e7\u00f5es ser\u00e1 solicitar um n\u00famero de IVA<\/u><\/strong>, se n\u00e3o estiverem de posse dele no momento.<\/p>\n<p>&nbsp;<\/p>\n<p>Permanecendo \u00e0 disposi\u00e7\u00e3o para quaisquer d\u00favidas ou solicita\u00e7\u00f5es de esclarecimentos, aproveitamos a oportunidade para estender nossos melhores cumprimentos a todos.<\/p>","protected":false},"excerpt":{"rendered":"<p>Secondo quanto previsto dall\u2019art. 3, comma 10, del D.L. 202\/2024 (c.d. Decreto Milleproroghe), \u00e8 stato rinviato al 1\u00b0 Gennaio 2026 (rispetto al 1\u00b0 Gennaio 2025) il termine a decorrere dal quale trova applicazione il nuovo regime di esenzione IVA (in luogo di quello di esclusione) per le operazioni realizzate dagli enti associativi di cui all\u2019articolo [&hellip;]<\/p>\n","protected":false},"author":6,"featured_media":0,"comment_status":"closed","ping_status":"closed","sticky":false,"template":"","format":"standard","meta":{"_acf_changed":false,"footnotes":""},"categories":[18],"tags":[],"class_list":["post-1310","post","type-post","status-publish","format-standard","hentry","category-blog"],"acf":[],"_links":{"self":[{"href":"https:\/\/studiodagostini.com\/pt\/wp-json\/wp\/v2\/posts\/1310","targetHints":{"allow":["GET"]}}],"collection":[{"href":"https:\/\/studiodagostini.com\/pt\/wp-json\/wp\/v2\/posts"}],"about":[{"href":"https:\/\/studiodagostini.com\/pt\/wp-json\/wp\/v2\/types\/post"}],"author":[{"embeddable":true,"href":"https:\/\/studiodagostini.com\/pt\/wp-json\/wp\/v2\/users\/6"}],"replies":[{"embeddable":true,"href":"https:\/\/studiodagostini.com\/pt\/wp-json\/wp\/v2\/comments?post=1310"}],"version-history":[{"count":2,"href":"https:\/\/studiodagostini.com\/pt\/wp-json\/wp\/v2\/posts\/1310\/revisions"}],"predecessor-version":[{"id":1312,"href":"https:\/\/studiodagostini.com\/pt\/wp-json\/wp\/v2\/posts\/1310\/revisions\/1312"}],"wp:attachment":[{"href":"https:\/\/studiodagostini.com\/pt\/wp-json\/wp\/v2\/media?parent=1310"}],"wp:term":[{"taxonomy":"category","embeddable":true,"href":"https:\/\/studiodagostini.com\/pt\/wp-json\/wp\/v2\/categories?post=1310"},{"taxonomy":"post_tag","embeddable":true,"href":"https:\/\/studiodagostini.com\/pt\/wp-json\/wp\/v2\/tags?post=1310"}],"curies":[{"name":"wp","href":"https:\/\/api.w.org\/{rel}","templated":true}]}}