{"id":1306,"date":"2025-10-06T18:57:28","date_gmt":"2025-10-06T16:57:28","guid":{"rendered":"https:\/\/studiodagostini.com\/?p=1306"},"modified":"2025-10-06T18:57:40","modified_gmt":"2025-10-06T16:57:40","slug":"seguro-obrigatorio-para-danos-causados-por-desastres-naturais-e-eventos-catastroficos-lembrete","status":"publish","type":"post","link":"https:\/\/studiodagostini.com\/pt\/circulares\/2025\/10\/06\/seguro-obrigatorio-para-danos-causados-por-desastres-naturais-e-eventos-catastroficos-lembrete\/","title":{"rendered":"Seguro obrigat\u00f3rio para danos causados por desastres naturais e eventos catastr\u00f3ficos - Um lembrete"},"content":{"rendered":"<p>Dando continuidade \u00e0s circulares anteriores sobre o mesmo assunto, gostar\u00edamos de lembr\u00e1-los que, em decorr\u00eancia do disposto no artigo 1\u00ba do Decreto-Lei n\u00ba 39, de 31.03.2025, fica estabelecida a obrigatoriedade de contrata\u00e7\u00e3o de seguro obrigat\u00f3rio para danos causados por desastres naturais e eventos catastr\u00f3ficos:<\/p>\n<ul>\n<li>para empresas de m\u00e9dio porte: at\u00e9 1\u00ba de outubro de 2025;<\/li>\n<li>para pequenas e microempresas: at\u00e9 31 de dezembro de 2025.<\/li>\n<\/ul>\n<p><!--more--><\/p>\n<p>O tamanho das empresas \u00e9 definido pela Diretiva da UE 2023\/2775, mencionada pelo mesmo Decreto-Lei, e em particular:<\/p>\n<table style=\"height: 398px;\" width=\"758\">\n<tbody>\n<tr>\n<td width=\"217\"><strong>DIMENS\u00d5ES<\/strong><\/td>\n<td width=\"482\"><strong>LIMITES<\/strong><\/td>\n<\/tr>\n<tr>\n<td width=\"217\">Microempresas<\/td>\n<td width=\"482\">Total do balan\u00e7o: at\u00e9 <strong><u>450.000 euros<\/u><\/strong><br \/>\nReceita l\u00edquida de vendas e servi\u00e7os: at\u00e9 <strong><u>900.000 euros<\/u><\/strong><br \/>\nN\u00famero m\u00e9dio de funcion\u00e1rios empregados durante o ano fiscal: at\u00e9 <strong><u>10<\/u><\/strong><\/td>\n<\/tr>\n<tr>\n<td width=\"217\">Pequenas empresas<\/td>\n<td width=\"482\">Total do balan\u00e7o: at\u00e9 <strong><u>5 milh\u00f5es de euros<\/u><\/strong><br \/>\nReceita l\u00edquida de vendas e servi\u00e7os: at\u00e9 <strong><u>10 milh\u00f5es de euros<\/u><\/strong><br \/>\nN\u00famero m\u00e9dio de funcion\u00e1rios empregados durante o ano fiscal: at\u00e9 <strong><u>50<\/u><\/strong><\/td>\n<\/tr>\n<tr>\n<td width=\"217\">Empresas de m\u00e9dio porte<\/td>\n<td width=\"482\">Total do balan\u00e7o: at\u00e9 <strong><u>25 milh\u00f5es de euros<\/u><\/strong><br \/>\nReceita l\u00edquida de vendas e servi\u00e7os: at\u00e9 <strong><u>50 milh\u00f5es de euros<br \/>\n<\/u><\/strong>N\u00famero m\u00e9dio de funcion\u00e1rios empregados durante o ano fiscal: at\u00e9 <strong><u>250<\/u><\/strong><\/td>\n<\/tr>\n<\/tbody>\n<\/table>\n<p>Gostar\u00edamos de lembr\u00e1-lo de que a san\u00e7\u00e3o, em caso de n\u00e3o conclus\u00e3o, \u00e9 a incapacidade de acessar cr\u00e9ditos fiscais e outros benef\u00edcios fiscais; em particular, isso ser\u00e1 levado em considera\u00e7\u00e3o ao alocar subs\u00eddios, instala\u00e7\u00f5es ou outro apoio financeiro p\u00fablico, mesmo que n\u00e3o esteja relacionado aos eventos calamitosos.<\/p>\n<p>Permanecendo \u00e0 disposi\u00e7\u00e3o para quaisquer d\u00favidas ou solicita\u00e7\u00f5es de esclarecimentos, aproveitamos a oportunidade para estender nossos melhores cumprimentos a todos.<\/p>","protected":false},"excerpt":{"rendered":"<p>Facendo seguito alle precedenti circolari sul medesimo argomento, ricordiamo che, per effetto di quanto disposto dall\u2019art. 1 del Decreto Legge n. 39 del 31.03.2025, l\u2019obbligo di stipula dell\u2019assicurazione obbligatoria per i danni da calamit\u00e0 naturali ed eventi catastrofali \u00e8 fissato: per le medie imprese: al 1\u00b0 Ottobre 2025; per le piccole e micro imprese: al [&hellip;]<\/p>\n","protected":false},"author":6,"featured_media":0,"comment_status":"closed","ping_status":"closed","sticky":false,"template":"","format":"standard","meta":{"_acf_changed":false,"footnotes":""},"categories":[18],"tags":[],"class_list":["post-1306","post","type-post","status-publish","format-standard","hentry","category-blog"],"acf":[],"_links":{"self":[{"href":"https:\/\/studiodagostini.com\/pt\/wp-json\/wp\/v2\/posts\/1306","targetHints":{"allow":["GET"]}}],"collection":[{"href":"https:\/\/studiodagostini.com\/pt\/wp-json\/wp\/v2\/posts"}],"about":[{"href":"https:\/\/studiodagostini.com\/pt\/wp-json\/wp\/v2\/types\/post"}],"author":[{"embeddable":true,"href":"https:\/\/studiodagostini.com\/pt\/wp-json\/wp\/v2\/users\/6"}],"replies":[{"embeddable":true,"href":"https:\/\/studiodagostini.com\/pt\/wp-json\/wp\/v2\/comments?post=1306"}],"version-history":[{"count":2,"href":"https:\/\/studiodagostini.com\/pt\/wp-json\/wp\/v2\/posts\/1306\/revisions"}],"predecessor-version":[{"id":1308,"href":"https:\/\/studiodagostini.com\/pt\/wp-json\/wp\/v2\/posts\/1306\/revisions\/1308"}],"wp:attachment":[{"href":"https:\/\/studiodagostini.com\/pt\/wp-json\/wp\/v2\/media?parent=1306"}],"wp:term":[{"taxonomy":"category","embeddable":true,"href":"https:\/\/studiodagostini.com\/pt\/wp-json\/wp\/v2\/categories?post=1306"},{"taxonomy":"post_tag","embeddable":true,"href":"https:\/\/studiodagostini.com\/pt\/wp-json\/wp\/v2\/tags?post=1306"}],"curies":[{"name":"wp","href":"https:\/\/api.w.org\/{rel}","templated":true}]}}