{"id":1198,"date":"2025-05-27T07:20:00","date_gmt":"2025-05-27T05:20:00","guid":{"rendered":"https:\/\/studiodagostini.com\/?p=1198"},"modified":"2025-07-09T13:33:54","modified_gmt":"2025-07-09T11:33:54","slug":"deducao-maxima-de-custos-com-pessoal","status":"publish","type":"post","link":"https:\/\/studiodagostini.com\/pt\/circulares\/2025\/05\/27\/deducao-maxima-de-custos-com-pessoal\/","title":{"rendered":"Redu\u00e7\u00e3o m\u00e1xima dos custos de pessoal"},"content":{"rendered":"<p><\/p>\n\n\n\n<p><\/p>\n\n\n<p>Conforme estabelecido pelo Artigo 4 do Decreto Legislativo n\u00ba 216\/2023, e conforme estendido pelo Artigo 1, par\u00e1grafos 399-400, da Lei n\u00ba 207\/2024, um aumento no custo permitido como dedu\u00e7\u00e3o para novas contrata\u00e7\u00f5es de pessoal est\u00e1 previsto para os per\u00edodos fiscais de 2024, 2025, 2026 e 2027.<\/p>\n<p><!--more--><\/p>\n<p>Em particular, para os detentores de renda comercial e para aqueles envolvidos nas artes e profiss\u00f5es que fazem novas contrata\u00e7\u00f5es de funcion\u00e1rios permanentes, \u00e9 reconhecida uma sobretaxa de imposto 20% sobre os custos de m\u00e3o de obra para fins de IRES\/IRPEF; para se beneficiar da dedu\u00e7\u00e3o, ambas as condi\u00e7\u00f5es a seguir devem ser atendidas<\/p>\n<ul>\n<li><strong><u>aumento do emprego no final do per\u00edodo fiscal<\/u><\/strong>ou seja, o n\u00famero de funcion\u00e1rios permanentes no final do ano fiscal deve exceder o n\u00famero m\u00e9dio de funcion\u00e1rios permanentes empregados no final do ano anterior;<\/li>\n<li><strong><u>aumento total de empregos no final do per\u00edodo fiscal<\/u><\/strong>Ou seja, o n\u00famero total de funcion\u00e1rios, incluindo aqueles com contratos de prazo fixo, no final do ano fiscal deve exceder o n\u00famero total m\u00e9dio de funcion\u00e1rios no final do ano anterior.<\/li>\n<\/ul>\n<p>A determina\u00e7\u00e3o da sobretaxa de imposto 20% ser\u00e1 calculada sobre o menor valor entre:<\/p>\n<ul>\n<li>o custo real de novas contrata\u00e7\u00f5es permanentes;<\/li>\n<li>o aumento no total de custos com pessoal em compara\u00e7\u00e3o com o per\u00edodo anterior.<\/li>\n<\/ul>\n<p>Al\u00e9m dos novos contratos de trabalho por prazo indeterminado, tamb\u00e9m s\u00e3o consideradas as convers\u00f5es de contratos de prazo fixo para prazo indeterminado a partir da data da convers\u00e3o do contrato. Finalmente, o par\u00e1grafo 400(b) do artigo 1\u00ba da referida Lei Or\u00e7ament\u00e1ria 2025 estabelece que, para a determina\u00e7\u00e3o dos adiantamentos devidos para o per\u00edodo fiscal seguinte, esse aumento no custo de pessoal admitido como dedu\u00e7\u00e3o n\u00e3o \u00e9 levado em considera\u00e7\u00e3o.<\/p>\n<p>Permanecendo \u00e0 disposi\u00e7\u00e3o para quaisquer d\u00favidas ou solicita\u00e7\u00f5es de esclarecimentos, aproveitamos a oportunidade para estender nossos melhores cumprimentos a todos.<\/p>\n\n\n<p><\/p>\n\n\n\n<p><\/p>","protected":false},"excerpt":{"rendered":"<p>Conforme estabelecido pelo Artigo 4 do Decreto Legislativo n\u00ba 216\/2023, e conforme estendido pelo Artigo 1, par\u00e1grafos 399-400, da Lei n\u00ba 207\/2024, um aumento no custo permitido como dedu\u00e7\u00e3o para novas contrata\u00e7\u00f5es de pessoal est\u00e1 previsto para os per\u00edodos fiscais de 2024, 2025, 2026 e 2027.<\/p>","protected":false},"author":6,"featured_media":0,"comment_status":"closed","ping_status":"closed","sticky":false,"template":"","format":"standard","meta":{"_acf_changed":false,"footnotes":""},"categories":[18],"tags":[],"class_list":["post-1198","post","type-post","status-publish","format-standard","hentry","category-blog"],"acf":[],"_links":{"self":[{"href":"https:\/\/studiodagostini.com\/pt\/wp-json\/wp\/v2\/posts\/1198","targetHints":{"allow":["GET"]}}],"collection":[{"href":"https:\/\/studiodagostini.com\/pt\/wp-json\/wp\/v2\/posts"}],"about":[{"href":"https:\/\/studiodagostini.com\/pt\/wp-json\/wp\/v2\/types\/post"}],"author":[{"embeddable":true,"href":"https:\/\/studiodagostini.com\/pt\/wp-json\/wp\/v2\/users\/6"}],"replies":[{"embeddable":true,"href":"https:\/\/studiodagostini.com\/pt\/wp-json\/wp\/v2\/comments?post=1198"}],"version-history":[{"count":7,"href":"https:\/\/studiodagostini.com\/pt\/wp-json\/wp\/v2\/posts\/1198\/revisions"}],"predecessor-version":[{"id":1209,"href":"https:\/\/studiodagostini.com\/pt\/wp-json\/wp\/v2\/posts\/1198\/revisions\/1209"}],"wp:attachment":[{"href":"https:\/\/studiodagostini.com\/pt\/wp-json\/wp\/v2\/media?parent=1198"}],"wp:term":[{"taxonomy":"category","embeddable":true,"href":"https:\/\/studiodagostini.com\/pt\/wp-json\/wp\/v2\/categories?post=1198"},{"taxonomy":"post_tag","embeddable":true,"href":"https:\/\/studiodagostini.com\/pt\/wp-json\/wp\/v2\/tags?post=1198"}],"curies":[{"name":"wp","href":"https:\/\/api.w.org\/{rel}","templated":true}]}}