{"id":566,"date":"2025-03-17T18:39:14","date_gmt":"2025-03-17T17:39:14","guid":{"rendered":"https:\/\/intelligent-shannon.217-28-65-195.plesk.page\/2025\/03\/17\/obbligo-pec-personale-amministratori-societa\/"},"modified":"2025-03-17T18:39:14","modified_gmt":"2025-03-17T17:39:14","slug":"obligation-personnelle-des-dirigeants-dentreprise-en-matiere-de-pec","status":"publish","type":"post","link":"https:\/\/studiodagostini.com\/fr\/circulaires\/2025\/03\/17\/obligation-personnelle-des-dirigeants-dentreprise-en-matiere-de-pec\/","title":{"rendered":"Obligation personnelle de PEC pour les dirigeants d'entreprise"},"content":{"rendered":"<p>Nous vous informons que le 12 mars dernier, le Minist\u00e8re de l'Entreprise et du Made in Italy, dans sa note n\u00b0 43836, a pr\u00e9cis\u00e9 que l'article 1, paragraphe 860, de la loi n\u00b0 207\/2024 (loi budg\u00e9taire 2025), concernant l'extension de l'obligation pour les administrateurs de soci\u00e9t\u00e9s constitu\u00e9es sous forme soci\u00e9taire de se doter d'un PEC personnel \u00e0 communiquer au Registre des Soci\u00e9t\u00e9s, n'est pas applicable, <strong><span style=\"text-decoration: underline;\">s'applique \u00e9galement aux entreprises cr\u00e9\u00e9es avant le 01.01.2025<\/span><\/strong>contrairement aux interpr\u00e9tations initiales de certaines chambres de commerce.<\/p>\n<p><!--more--><\/p>\n<p>L'obligation s'applique \u00e0 tous les types d'entreprises, \u00e0 l'exception de certains cas particuliers.<br \/>En cons\u00e9quence, <strong><span style=\"text-decoration: underline;\">pour toutes les entreprises constitu\u00e9es sous forme de soci\u00e9t\u00e9<\/span><\/strong>quelle que soit sa date de constitution, <strong>t<span style=\"text-decoration: underline;\">tous les administrateurs et liquidateurs doivent disposer d'un CEP personnel<\/span><\/strong> et devra en informer le registre des entreprises <strong><span style=\"text-decoration: underline;\">avant le 30 juin prochain<\/span><\/strong>.<\/p>\n<p>Nous soulignons que, m\u00eame avant cette \u00e9ch\u00e9ance, les Chambres de Commerce peuvent suspendre les dossiers envoy\u00e9s si cette lacune est constat\u00e9e ; nous invitons donc tous les clients \u00e0 effectuer cette communication en temps utile, afin d'\u00e9viter d'\u00e9ventuels retards dans le traitement des dossiers par les Chambres de Commerce et\/ou afin de ne pas encourir d'\u00e9ventuelles p\u00e9nalit\u00e9s pour communication tardive.<\/p>\n<p>Tout en restant \u00e0 votre disposition pour tout doute ou demande d'\u00e9claircissement, nous profitons de l'occasion pour vous adresser nos meilleures salutations.<\/p>","protected":false},"excerpt":{"rendered":"<p>Informiamo che lo scorso 12 Marzo il Ministero delle Imprese e del Made in Italy, con la nota n. 43836, ha chiarito che l\u2019art. 1, comma 860, della Legge n. 207\/2024 (Legge di Bilancio 2025), riguardante l\u2019estensione dell\u2019obbligo per gli amministratori di imprese costituite in forma societaria di dotarsi di una PEC personale da comunicare [&hellip;]<\/p>\n","protected":false},"author":1,"featured_media":0,"comment_status":"closed","ping_status":"closed","sticky":false,"template":"","format":"standard","meta":{"_acf_changed":false,"footnotes":""},"categories":[18],"tags":[],"class_list":["post-566","post","type-post","status-publish","format-standard","hentry","category-blog"],"acf":[],"_links":{"self":[{"href":"https:\/\/studiodagostini.com\/fr\/wp-json\/wp\/v2\/posts\/566","targetHints":{"allow":["GET"]}}],"collection":[{"href":"https:\/\/studiodagostini.com\/fr\/wp-json\/wp\/v2\/posts"}],"about":[{"href":"https:\/\/studiodagostini.com\/fr\/wp-json\/wp\/v2\/types\/post"}],"author":[{"embeddable":true,"href":"https:\/\/studiodagostini.com\/fr\/wp-json\/wp\/v2\/users\/1"}],"replies":[{"embeddable":true,"href":"https:\/\/studiodagostini.com\/fr\/wp-json\/wp\/v2\/comments?post=566"}],"version-history":[{"count":0,"href":"https:\/\/studiodagostini.com\/fr\/wp-json\/wp\/v2\/posts\/566\/revisions"}],"wp:attachment":[{"href":"https:\/\/studiodagostini.com\/fr\/wp-json\/wp\/v2\/media?parent=566"}],"wp:term":[{"taxonomy":"category","embeddable":true,"href":"https:\/\/studiodagostini.com\/fr\/wp-json\/wp\/v2\/categories?post=566"},{"taxonomy":"post_tag","embeddable":true,"href":"https:\/\/studiodagostini.com\/fr\/wp-json\/wp\/v2\/tags?post=566"}],"curies":[{"name":"wp","href":"https:\/\/api.w.org\/{rel}","templated":true}]}}