{"id":564,"date":"2025-03-05T15:08:49","date_gmt":"2025-03-05T14:08:49","guid":{"rendered":"https:\/\/intelligent-shannon.217-28-65-195.plesk.page\/2025\/03\/05\/nuova-assicurazione-obbligatoria-danni-calamita-naturali-eventi-catastrofali\/"},"modified":"2025-03-05T15:08:49","modified_gmt":"2025-03-05T14:08:49","slug":"nouvelle-assurance-obligatoire-pour-les-catastrophes-naturelles","status":"publish","type":"post","link":"https:\/\/studiodagostini.com\/fr\/circulaires\/2025\/03\/05\/nouvelle-assurance-obligatoire-pour-les-catastrophes-naturelles\/","title":{"rendered":"Nouvelle assurance obligatoire pour les dommages caus\u00e9s par les catastrophes naturelles et les \u00e9v\u00e9nements catastrophiques"},"content":{"rendered":"<p>Le 27 f\u00e9vrier dernier, le d\u00e9cret minist\u00e9riel n\u00b0 18\/2025 a \u00e9t\u00e9 publi\u00e9 au Journal officiel, qui met en \u0153uvre l'obligation pour les entreprises de s'assurer contre les \u00e9v\u00e9nements calamiteux et catastrophiques, comme le pr\u00e9voit la loi budg\u00e9taire 2024 (article 1, paragraphes 101 \u00e0 111, de la loi 213\/2023).<\/p>\n<p><!--more--><\/p>\n<p>L'obligation concerne <strong>toutes les entreprises<\/strong> dont le si\u00e8ge social se trouve en Italie (\u00e0 l'exclusion des soci\u00e9t\u00e9s agricoles) et les soci\u00e9t\u00e9s dont le si\u00e8ge social se trouve \u00e0 l'\u00e9tranger et qui disposent d'un \u00e9tablissement permanent en Italie, <strong>l'obligation de s'inscrire au registre du commerce<\/strong> conform\u00e9ment \u00e0 l'article 2188 du code civil.<\/p>\n<p>Ces entreprises sont tenues de <strong>avant le 31 mars 2025<\/strong> une police d'assurance couvrant les dommages directement caus\u00e9s par <strong>les catastrophes naturelles et les \u00e9v\u00e9nements catastrophiques<\/strong>les dommages caus\u00e9s par des catastrophes naturelles, survenant sur le territoire national (tremblements de terre, inondations, glissements de terrain, inondations et crues), aux terrains, b\u00e2timents, installations, machines et \u00e9quipements industriels et commerciaux utilis\u00e9s \u00e0 quelque titre que ce soit dans l'exercice de l'activit\u00e9 professionnelle, \u00e0 l'exclusion de ceux d\u00e9j\u00e0 couverts par des assurances similaires, m\u00eame si elles sont souscrites par d'autres personnes que l'entrepreneur qui utilise les biens.<\/p>\n<p>En cas de non-respect de l'obligation d'assurance, la sanction prendra la forme d'une perte d'acc\u00e8s \u00e0 l'espace de libert\u00e9 de la presse. <strong>les contributions, subventions ou facilit\u00e9s<\/strong> de nature financi\u00e8re \u00e0 partir de ressources publiques, y compris celles fournies dans le cadre d'\u00e9v\u00e9nements calamiteux et catastrophiques.<\/p>\n<p>Tout en restant \u00e0 votre disposition pour tout doute ou demande d'\u00e9claircissement, nous profitons de l'occasion pour vous adresser nos meilleures salutations.<\/p>","protected":false},"excerpt":{"rendered":"<p>Le 27 f\u00e9vrier dernier, le d\u00e9cret minist\u00e9riel n\u00b0 18\/2025 a \u00e9t\u00e9 publi\u00e9 au Journal officiel, qui met en \u0153uvre l'obligation pour les entreprises de s'assurer contre les \u00e9v\u00e9nements calamiteux et catastrophiques, comme le pr\u00e9voit la loi budg\u00e9taire 2024 (article 1, paragraphes 101 \u00e0 111, de la loi 213\/2023).<\/p>","protected":false},"author":1,"featured_media":0,"comment_status":"closed","ping_status":"closed","sticky":false,"template":"","format":"standard","meta":{"_acf_changed":false,"footnotes":""},"categories":[18],"tags":[],"class_list":["post-564","post","type-post","status-publish","format-standard","hentry","category-blog"],"acf":[],"_links":{"self":[{"href":"https:\/\/studiodagostini.com\/fr\/wp-json\/wp\/v2\/posts\/564","targetHints":{"allow":["GET"]}}],"collection":[{"href":"https:\/\/studiodagostini.com\/fr\/wp-json\/wp\/v2\/posts"}],"about":[{"href":"https:\/\/studiodagostini.com\/fr\/wp-json\/wp\/v2\/types\/post"}],"author":[{"embeddable":true,"href":"https:\/\/studiodagostini.com\/fr\/wp-json\/wp\/v2\/users\/1"}],"replies":[{"embeddable":true,"href":"https:\/\/studiodagostini.com\/fr\/wp-json\/wp\/v2\/comments?post=564"}],"version-history":[{"count":0,"href":"https:\/\/studiodagostini.com\/fr\/wp-json\/wp\/v2\/posts\/564\/revisions"}],"wp:attachment":[{"href":"https:\/\/studiodagostini.com\/fr\/wp-json\/wp\/v2\/media?parent=564"}],"wp:term":[{"taxonomy":"category","embeddable":true,"href":"https:\/\/studiodagostini.com\/fr\/wp-json\/wp\/v2\/categories?post=564"},{"taxonomy":"post_tag","embeddable":true,"href":"https:\/\/studiodagostini.com\/fr\/wp-json\/wp\/v2\/tags?post=564"}],"curies":[{"name":"wp","href":"https:\/\/api.w.org\/{rel}","templated":true}]}}