{"id":556,"date":"2024-12-18T11:21:17","date_gmt":"2024-12-18T10:21:17","guid":{"rendered":"https:\/\/intelligent-shannon.217-28-65-195.plesk.page\/2024\/12\/18\/cause-cessazione-decadenza-concordato-preventivo-biennale\/"},"modified":"2024-12-18T11:21:17","modified_gmt":"2024-12-18T10:21:17","slug":"motifs-de-resiliation-de-laccord-de-composition-de-deux-ans","status":"publish","type":"post","link":"https:\/\/studiodagostini.com\/fr\/circulaires\/2024\/12\/18\/motifs-de-resiliation-de-laccord-de-composition-de-deux-ans\/","title":{"rendered":"Causes de r\u00e9siliation et de d\u00e9ch\u00e9ance du concordat pr\u00e9ventif biennal"},"content":{"rendered":"<p>Pour tous les clients qui ont conclu l'accord biennal pr\u00e9ventif, conform\u00e9ment aux articles 21 et 22 du d\u00e9cret l\u00e9gislatif 13\/2024, certaines causes sp\u00e9cifiques de d\u00e9ch\u00e9ance et de cessation des effets du CPB sont pr\u00e9vues.<\/p>\n<p><!--more--><\/p>\n<p>En particulier, le concordat cesse de produire ses effets <strong>de la p\u00e9riode fiscale<\/strong> si l'une des conditions suivantes est remplie :<\/p>\n<ul>\n<li data-mce-word-list=\"1\">le contribuable <strong>modifie l'activit\u00e9<\/strong> pendant la p\u00e9riode de deux ans de l'accord par rapport \u00e0 celle exerc\u00e9e au cours de la p\u00e9riode fiscale pr\u00e9c\u00e9dant la p\u00e9riode de deux ans. Il n'y a pas de r\u00e9siliation si la m\u00eame ISA s'applique aux nouvelles activit\u00e9s ;<\/li>\n<li data-mce-word-list=\"1\">le contribuable <strong>cesser l'activit\u00e9<\/strong>;<\/li>\n<li data-mce-word-list=\"1\">le contribuable adh\u00e8re \u00e0 la <strong>r\u00e9gime forfaitaire<\/strong> (le cas \u00e9ch\u00e9ant) ;<\/li>\n<li data-mce-word-list=\"1\">l'entreprise ou l'entit\u00e9 est concern\u00e9e par <strong>transactions extraordinaires<\/strong> fusion, scission, apport ;<\/li>\n<li data-mce-word-list=\"1\">l'entreprise <strong>de personnes<\/strong> ou l'association <strong>sans personnalit\u00e9 juridique<\/strong> est affect\u00e9e par <strong>changements dans la structure de l'entreprise<\/strong> l'augmentation du nombre de membres ou d'associ\u00e9s ;<\/li>\n<li data-mce-word-list=\"1\">le contribuable d\u00e9clare des revenus sup\u00e9rieurs \u00e0 <strong>7 746 853,50 euros<\/strong> (\u00e0 l'exclusion du produit de la vente d'actions, d'obligations ou de participations, ou d'autres titres ou instruments financiers similaires, qui ne constituent pas des immobilisations financi\u00e8res).<\/li>\n<\/ul>\n<p>Au lieu de cela, le concordat cesse de produire ses effets <strong>pour ses deux p\u00e9riodes d'imposition<\/strong> dans les cas suivants :<\/p>\n<ol style=\"list-style-type: lower-alpha;\">\n<li data-mce-word-list=\"1\">l'existence d'actifs non d\u00e9clar\u00e9s ou l'inexistence ou la non-d\u00e9ductibilit\u00e9 de passifs d\u00e9clar\u00e9s pour un montant sup\u00e9rieur \u00e0 30 % des recettes d\u00e9clar\u00e9es au cours des p\u00e9riodes fiscales faisant l'objet du concordat ou au cours de la p\u00e9riode fiscale pr\u00e9c\u00e9dente, ou d'autres violations d'importance non mineure. Les infractions suivantes sont consid\u00e9r\u00e9es comme non mineures :\n<ol>\n<li data-mce-word-list=\"1\">les infractions au d\u00e9cret l\u00e9gislatif 74\/2000 (d\u00e9clarations frauduleuses, fausses ou omises, d\u00e9livrance de documents pour des op\u00e9rations inexistantes, dissimulation ou destruction de documents comptables ou d\u00e9faut de paiement des retenues \u00e0 la source certifi\u00e9es, d\u00e9faut de paiement de la TVA et des indemnit\u00e9s indues d\u00e9passant les seuils pr\u00e9vus, ainsi que toute autre infraction vis\u00e9e dans le m\u00eame d\u00e9cret) en ce qui concerne les p\u00e9riodes fiscales couvertes par l'arrangement ;<\/li>\n<li data-mce-word-list=\"1\">la d\u00e9claration inexacte ou incompl\u00e8te de donn\u00e9es pertinentes pour l'application de l'ISA, dans une mesure telle qu'elle entra\u00eene une diminution de plus de 30 % du revenu ou de la valeur nette de la production soumise \u00e0 l'arrangement ;<\/li>\n<li data-mce-word-list=\"1\">l'absence de d\u00e9claration d'imp\u00f4t sur le revenu et de taxe professionnelle r\u00e9gionale, de d\u00e9claration d'imp\u00f4t de substitution ou de d\u00e9claration annuelle de TVA (article 1, paragraphe 1, article 2, paragraphe 1, et article 5, paragraphe 1, du d\u00e9cret l\u00e9gislatif n\u00b0 471\/1997) pour les ann\u00e9es couvertes par le concordat ;<\/li>\n<li data-mce-word-list=\"1\">le d\u00e9faut de stockage \u00e9lectronique et de transmission t\u00e9l\u00e9matique des donn\u00e9es figurant sur les re\u00e7us ou lorsque ces donn\u00e9es sont incompl\u00e8tes\/fausses ou le d\u00e9faut de d\u00e9livrance de re\u00e7us fiscaux, de re\u00e7us fiscaux ou de documents de transport ou la d\u00e9livrance de ces documents pour des montants inf\u00e9rieurs aux montants r\u00e9els (article 6, paragraphes 2-bis et 3, du d\u00e9cret l\u00e9gislatif n\u00b0 471\/1997), contest\u00e9s en un nombre \u00e9gal ou sup\u00e9rieur \u00e0 trois, commis \u00e0 des jours diff\u00e9rents ;<\/li>\n<li data-mce-word-list=\"1\">la soustraction \u00e0 l'inspection et \u00e0 la v\u00e9rification de documents, de registres ou de pi\u00e8ces comptables (article 9, paragraphe 2, du d\u00e9cret l\u00e9gislatif n\u00b0 471\/1997) ;<\/li>\n<li data-mce-word-list=\"1\">la non-installation ou l'alt\u00e9ration des dispositifs d'\u00e9mission des re\u00e7us fiscaux ou leur utilisation (article 11, paragraphes 5 et 5-bis, du d\u00e9cret l\u00e9gislatif 471\/1997 et article 2 de la loi 18\/1983) ;<\/li>\n<\/ol>\n<\/li>\n<li data-mce-word-list=\"1\">lorsque, \u00e0 la suite d'une modification ou d'un compl\u00e9ment de la d\u00e9claration fiscale, les donn\u00e9es et informations d\u00e9clar\u00e9es aboutissent \u00e0 une quantification des revenus ou de la valeur nette de la production diff\u00e9rente de celles sur la base desquelles l'acceptation de la proposition de concordat a eu lieu ;<\/li>\n<li data-mce-word-list=\"1\">des donn\u00e9es sont indiqu\u00e9es dans la d\u00e9claration fiscale qui ne correspondent pas aux donn\u00e9es divulgu\u00e9es aux fins de la proposition d'arrangement ;<\/li>\n<li data-mce-word-list=\"1\">il est \u00e9tabli que l'une des conditions d'acc\u00e8s au CPB \u00e9nonc\u00e9es aux articles 10 et 11 du d\u00e9cret l\u00e9gislatif 13\/2024 n'est pas remplie ;<\/li>\n<li data-mce-word-list=\"1\">le paiement des sommes dues \u00e0 la suite des activit\u00e9s de contr\u00f4le automatis\u00e9 de l'Agence des recettes est omis.<\/li>\n<\/ol>\n<p>Les infractions vis\u00e9es au point a) 1 et 2 et au point e) ne sont pas pertinentes aux fins de la d\u00e9ch\u00e9ance dans le cas o\u00f9 le contribuable a r\u00e9gularis\u00e9 sa situation par un repentir, \u00e0 condition que l'infraction n'ait pas d\u00e9j\u00e0 \u00e9t\u00e9 constat\u00e9e et qu'en tout \u00e9tat de cause aucun acc\u00e8s, inspection, audit ou autre activit\u00e9 de v\u00e9rification administrative dont l'auteur ou les personnes solidairement responsables ont eu formellement connaissance n'ait \u00e9t\u00e9 entam\u00e9.<\/p>\n<p>En cas de d\u00e9ch\u00e9ance de l'accord, les imp\u00f4ts et cotisations d\u00e9termin\u00e9s en tenant compte du revenu convenu et de la valeur nette de la production restent dus s'ils sont sup\u00e9rieurs \u00e0 ceux effectivement r\u00e9alis\u00e9s.<\/p>\n<p>Tout en restant \u00e0 votre disposition pour tout doute ou demande d'\u00e9claircissement, nous profitons de l'occasion pour vous adresser nos meilleures salutations.<\/p>","protected":false},"excerpt":{"rendered":"<p>Pour tous les clients qui ont conclu l'accord biennal pr\u00e9ventif, conform\u00e9ment aux articles 21 et 22 du d\u00e9cret l\u00e9gislatif 13\/2024, certaines causes sp\u00e9cifiques de d\u00e9ch\u00e9ance et de cessation des effets du CPB sont pr\u00e9vues.<\/p>","protected":false},"author":1,"featured_media":0,"comment_status":"closed","ping_status":"closed","sticky":false,"template":"","format":"standard","meta":{"_acf_changed":false,"footnotes":""},"categories":[18],"tags":[],"class_list":["post-556","post","type-post","status-publish","format-standard","hentry","category-blog"],"acf":[],"_links":{"self":[{"href":"https:\/\/studiodagostini.com\/fr\/wp-json\/wp\/v2\/posts\/556","targetHints":{"allow":["GET"]}}],"collection":[{"href":"https:\/\/studiodagostini.com\/fr\/wp-json\/wp\/v2\/posts"}],"about":[{"href":"https:\/\/studiodagostini.com\/fr\/wp-json\/wp\/v2\/types\/post"}],"author":[{"embeddable":true,"href":"https:\/\/studiodagostini.com\/fr\/wp-json\/wp\/v2\/users\/1"}],"replies":[{"embeddable":true,"href":"https:\/\/studiodagostini.com\/fr\/wp-json\/wp\/v2\/comments?post=556"}],"version-history":[{"count":0,"href":"https:\/\/studiodagostini.com\/fr\/wp-json\/wp\/v2\/posts\/556\/revisions"}],"wp:attachment":[{"href":"https:\/\/studiodagostini.com\/fr\/wp-json\/wp\/v2\/media?parent=556"}],"wp:term":[{"taxonomy":"category","embeddable":true,"href":"https:\/\/studiodagostini.com\/fr\/wp-json\/wp\/v2\/categories?post=556"},{"taxonomy":"post_tag","embeddable":true,"href":"https:\/\/studiodagostini.com\/fr\/wp-json\/wp\/v2\/tags?post=556"}],"curies":[{"name":"wp","href":"https:\/\/api.w.org\/{rel}","templated":true}]}}