{"id":555,"date":"2024-12-13T10:35:15","date_gmt":"2024-12-13T09:35:15","guid":{"rendered":"https:\/\/intelligent-shannon.217-28-65-195.plesk.page\/2024\/12\/13\/esenzione-imu-coltivatori-diretti-imprenditori-agricoli-professionali\/"},"modified":"2024-12-13T10:35:15","modified_gmt":"2024-12-13T09:35:15","slug":"exoneration-de-limu-pour-les-cultivateurs-directs-entrepreneurs-agricoles-professionnels","status":"publish","type":"post","link":"https:\/\/studiodagostini.com\/fr\/circulaires\/2024\/12\/13\/exoneration-de-limu-pour-les-cultivateurs-directs-entrepreneurs-agricoles-professionnels\/","title":{"rendered":"Exemption de l'IMU pour les cultivateurs directs et les entrepreneurs agricoles professionnels"},"content":{"rendered":"<p>Nous souhaitons rappeler que l'article 1, paragraphe 758 de la loi 160 de 2019 pr\u00e9voyait l'exemption de l'IMU pour les terres d\u00e9tenues et exploit\u00e9es par <em>Les \"cultivateurs directs<\/em> (CD) et le <em>Entrepreneurs agricoles professionnels<\/em> (IAP), inscrites au r\u00e9gime de s\u00e9curit\u00e9 sociale agricole, y compris les soci\u00e9t\u00e9s agricoles vis\u00e9es \u00e0 l'article 1, paragraphe 3, du d\u00e9cret l\u00e9gislatif 99\/2004, ind\u00e9pendamment de la localisation des terres.<\/p>\n<p><!--more--><\/p>\n<p>L'exemption s'\u00e9tend \u00e9galement :<\/p>\n<ul>\n<li>aux associ\u00e9s des soci\u00e9t\u00e9s de personnes exer\u00e7ant une activit\u00e9 agricole qui ont le statut de CD ou de PEI ;<\/li>\n<li>les membres de la famille aidante du CD inscrits \u00e0 l'administration de la s\u00e9curit\u00e9 et de la protection sociales agricoles en tant que CD ;<\/li>\n<li>aux retrait\u00e9s de la CD et de l'IAP qui continuent \u00e0 \u00eatre inscrits \u00e0 l'administration de la s\u00e9curit\u00e9 et de la pr\u00e9voyance sociales agricoles et qui continuent \u00e0 exercer une activit\u00e9 agricole.<\/li>\n<\/ul>\n<p>Si les terres sont d\u00e9tenues en copropri\u00e9t\u00e9, l'exon\u00e9ration ne s'applique qu'aux copropri\u00e9taires ayant le statut de CD ou de PEI qui exploitent les terres.<br \/>L'exon\u00e9ration s'applique \u00e9galement aux terrains qualifi\u00e9s de constructibles.<\/p>\n<p>&nbsp;Tout en restant \u00e0 votre disposition pour tout doute ou demande d'\u00e9claircissement, nous profitons de l'occasion pour vous adresser nos meilleures salutations.<\/p>","protected":false},"excerpt":{"rendered":"<p>Ricordiamo a tutti che con l\u2019art. 1, comma 758, della Legge 160 del 2019, \u00e8 stata prevista l\u2019esenzione dell\u2019IMU per i terreni posseduti e condotti dai \u201ccoltivatori diretti\u201d (CD) e dagli \u201cimprenditori agricoli professionali\u201d (IAP), iscritti alla previdenza agricola, comprese le societ\u00e0 agricole di cui all\u2019art. 1, comma 3, del D.Lgs 99\/2004, indipendentemente dall\u2019ubicazione del [&hellip;]<\/p>\n","protected":false},"author":1,"featured_media":0,"comment_status":"closed","ping_status":"closed","sticky":false,"template":"","format":"standard","meta":{"_acf_changed":false,"footnotes":""},"categories":[18],"tags":[],"class_list":["post-555","post","type-post","status-publish","format-standard","hentry","category-blog"],"acf":[],"_links":{"self":[{"href":"https:\/\/studiodagostini.com\/fr\/wp-json\/wp\/v2\/posts\/555","targetHints":{"allow":["GET"]}}],"collection":[{"href":"https:\/\/studiodagostini.com\/fr\/wp-json\/wp\/v2\/posts"}],"about":[{"href":"https:\/\/studiodagostini.com\/fr\/wp-json\/wp\/v2\/types\/post"}],"author":[{"embeddable":true,"href":"https:\/\/studiodagostini.com\/fr\/wp-json\/wp\/v2\/users\/1"}],"replies":[{"embeddable":true,"href":"https:\/\/studiodagostini.com\/fr\/wp-json\/wp\/v2\/comments?post=555"}],"version-history":[{"count":0,"href":"https:\/\/studiodagostini.com\/fr\/wp-json\/wp\/v2\/posts\/555\/revisions"}],"wp:attachment":[{"href":"https:\/\/studiodagostini.com\/fr\/wp-json\/wp\/v2\/media?parent=555"}],"wp:term":[{"taxonomy":"category","embeddable":true,"href":"https:\/\/studiodagostini.com\/fr\/wp-json\/wp\/v2\/categories?post=555"},{"taxonomy":"post_tag","embeddable":true,"href":"https:\/\/studiodagostini.com\/fr\/wp-json\/wp\/v2\/tags?post=555"}],"curies":[{"name":"wp","href":"https:\/\/api.w.org\/{rel}","templated":true}]}}