{"id":551,"date":"2024-11-18T14:52:33","date_gmt":"2024-11-18T13:52:33","guid":{"rendered":"https:\/\/intelligent-shannon.217-28-65-195.plesk.page\/2024\/11\/18\/proroga-termine-aderire-concordato-preventivo-biennale-cpb\/"},"modified":"2024-11-18T14:52:33","modified_gmt":"2024-11-18T13:52:33","slug":"prolongation-du-delai-dadhesion-a-laccord-de-composition-biennal-cpb","status":"publish","type":"post","link":"https:\/\/studiodagostini.com\/fr\/circulaires\/2024\/11\/18\/prolongation-du-delai-dadhesion-a-laccord-de-composition-biennal-cpb\/","title":{"rendered":"Prolongation du d\u00e9lai d'adh\u00e9sion au Concordat biennal pr\u00e9ventif (CPB)"},"content":{"rendered":"<p>L'art. 1 du d\u00e9cret-loi n\u00b0 167 du 14\/11\/2024 a pr\u00e9vu la r\u00e9ouverture des conditions d'adh\u00e9sion au r\u00e9gime pr\u00e9ventif biennal pour tous les sujets ISA (il ne concerne donc pas les sujets forfaitaires et les sujets exclus de l'ISA, y compris ceux dont les revenus sont \u00e9gaux ou sup\u00e9rieurs \u00e0 5 164 569 \u20ac en 2023), qui ont d\u00e9pos\u00e9 leur d\u00e9claration fiscale \u00e0 la date limite du 31\/10\/2024 et qui, bien qu'\u00e9tant \u00e9ligibles, n'ont pas adh\u00e9r\u00e9 \u00e0 la CPB.<\/p>\n<p><!--more--><\/p>\n<p>La nouvelle date limite d'adh\u00e9sion est fix\u00e9e \u00e0 <strong>12.12.2024<\/strong> et, pour acc\u00e9der au nouvel institut, il est n\u00e9cessaire que la d\u00e9claration compl\u00e9mentaire \u00e0 pr\u00e9senter ne r\u00e9duise pas le revenu imposable ou la dette fiscale, ni n'augmente le cr\u00e9dit par rapport \u00e0 la d\u00e9claration initiale.<\/p>\n<p><strong>&nbsp;<\/strong><\/p>\n<p><strong>QU'EST-CE QUE L'ACCORD DE COMPOSITION DE DEUX ANS ?<\/strong><\/p>\n<p>Comme indiqu\u00e9 dans les pr\u00e9c\u00e9dentes circulaires sur le sujet, le CPB est une proposition formul\u00e9e par l'Agence des Recettes pour d\u00e9finir <strong>\u00e0 l'avance et sur une base forfaitaire<\/strong> pour les ann\u00e9es 2024-2025, <strong>sans tenir compte des revenus effectivement per\u00e7us<\/strong>.<\/p>\n<p>Avec la r\u00e9ouverture des d\u00e9lais susmentionn\u00e9e, les contribuables tenus d'appliquer des ISA pour lesquels les conditions de refus \u00e9nonc\u00e9es dans le d\u00e9cret CPB ne sont pas remplies pourront adh\u00e9rer au CPB et, en particulier, les contribuables qui<\/p>\n<ul>\n<li data-mce-word-list=\"1\">avoir des dettes fiscales et sociales d\u00e9finitivement \u00e9valu\u00e9es \u00e0 plus de 5 000,00 EUR au 31.12.2023, \u00e0 moins qu'elles n'aient \u00e9t\u00e9 ramen\u00e9es en dessous de ce seuil ou pay\u00e9es de mani\u00e8re \u00e9chelonn\u00e9e avant l'adh\u00e9sion ;<\/li>\n<li data-mce-word-list=\"1\">n'ont pas d\u00e9pos\u00e9 de d\u00e9claration fiscale pour au moins l'une des trois p\u00e9riodes fiscales pr\u00e9c\u00e9dant celle au cours de laquelle l'accord s'applique, lorsqu'il y a obligation de le faire ;<\/li>\n<li data-mce-word-list=\"1\">ont fait l'objet de condamnations pour des d\u00e9lits pr\u00e9vus par le d\u00e9cret l\u00e9gislatif n\u00b0 74\/2000, l'article 2621 du code civil, ainsi que les articles 648-bis, 648-ter et 648-ter 1 du code p\u00e9nal (fausse comptabilit\u00e9, fausse communication d'entreprise, blanchiment d'argent\/auto-blanchiment, n\u00e9gociation de peine avec deux ans d'emprisonnement), commis au cours des trois derni\u00e8res p\u00e9riodes fiscales pr\u00e9c\u00e9dant celles de l'application du r\u00e9gime ;<\/li>\n<li data-mce-word-list=\"1\">ont per\u00e7u des revenus exon\u00e9r\u00e9s, exclus ou non concurrentiels sup\u00e9rieurs \u00e0 40 % de leurs revenus d'entreprise, d'art ou de profession ;<\/li>\n<li data-mce-word-list=\"1\">en 2024 ont proc\u00e9d\u00e9 \u00e0 des fusions, scissions, apports ou modifications de la structure de l'actionnariat (\u00e0 l'exclusion de la seule division des actions) ;<\/li>\n<li data-mce-word-list=\"1\">n'ont pas d\u00e9pos\u00e9 leur d\u00e9claration d'imp\u00f4t 2023 avant la date limite du 31.10.2024.<\/li>\n<\/ul>\n<p>En ce qui concerne les parties \u00e0 l'ISA qui ont conclu l'accord, toute activit\u00e9 d'\u00e9valuation pour les p\u00e9riodes fiscales soumises \u00e0 la PCB ne suppose pas de reconstructions analytiques-inductives.<strong> <br \/><\/strong><\/p>\n<p><strong>BOUCLIER FISCAL POUR LES ANN\u00c9ES 2018-2022<\/strong><\/p>\n<p>Lorsque le d\u00e9cret-loi 113\/2024 (d\u00e9cret omnibus) a \u00e9t\u00e9 converti en loi le 9 octobre 2024, la possibilit\u00e9 a \u00e9galement \u00e9t\u00e9 introduite de <strong>d\u00e9finir et r\u00e9gulariser, sur une base facilit\u00e9e, les revenus non d\u00e9clar\u00e9s pour les p\u00e9riodes fiscales comprises entre 2018 et 2022<\/strong> par les sujets ISA qui adh\u00e8rent au CPB pour 2024-2025, en payant un imp\u00f4t de substitution sur l'imp\u00f4t sur le revenu, les majorations y aff\u00e9rentes et l'IRAP sur les revenus les plus \u00e9lev\u00e9s, d\u00e9termin\u00e9s sur base de leur score ISA (pour plus de d\u00e9tails, voir la circulaire du 16.10.2024).<\/p>\n<p>Je tiens toutefois \u00e0 signaler \u00e0 tous que l'adh\u00e9sion \u00e0 l'Arrangement Biennal Pr\u00e9ventif pour les sujets ISA entra\u00eene la prorogation au 31.12.2025 des d\u00e9lais d'imposition qui auraient expir\u00e9 le 31.12.2024 ; en outre, pour les sujets ISA qui adh\u00e8rent \u00e9galement \u00e0 l'amnistie sp\u00e9ciale pour une ou plusieurs ann\u00e9es entre 2018 et 2021, les d\u00e9lais d'imposition seraient tous prorog\u00e9s jusqu'au 31.12.2027.<\/p>\n<p>Tout en restant \u00e0 votre disposition pour tout doute ou demande d'\u00e9claircissement, nous profitons de l'occasion pour vous adresser nos meilleures salutations.<\/p>","protected":false},"excerpt":{"rendered":"<p>L\u2019art. 1 del D.L. n. 167 del 14\/11\/2024 ha previsto la riapertura dei termini per aderire al Concordato Preventivo Biennale per tutti i soggetti ISA (non riguarda, quindi, i soggetti forfetari ed i soggetti esclusi ISA, tra cui quelli con ricavi di ammontare pari o superiori nel 2023 ad euro 5.164.569), che hanno presentato la [&hellip;]<\/p>\n","protected":false},"author":1,"featured_media":0,"comment_status":"closed","ping_status":"closed","sticky":false,"template":"","format":"standard","meta":{"_acf_changed":false,"footnotes":""},"categories":[18],"tags":[],"class_list":["post-551","post","type-post","status-publish","format-standard","hentry","category-blog"],"acf":[],"_links":{"self":[{"href":"https:\/\/studiodagostini.com\/fr\/wp-json\/wp\/v2\/posts\/551","targetHints":{"allow":["GET"]}}],"collection":[{"href":"https:\/\/studiodagostini.com\/fr\/wp-json\/wp\/v2\/posts"}],"about":[{"href":"https:\/\/studiodagostini.com\/fr\/wp-json\/wp\/v2\/types\/post"}],"author":[{"embeddable":true,"href":"https:\/\/studiodagostini.com\/fr\/wp-json\/wp\/v2\/users\/1"}],"replies":[{"embeddable":true,"href":"https:\/\/studiodagostini.com\/fr\/wp-json\/wp\/v2\/comments?post=551"}],"version-history":[{"count":0,"href":"https:\/\/studiodagostini.com\/fr\/wp-json\/wp\/v2\/posts\/551\/revisions"}],"wp:attachment":[{"href":"https:\/\/studiodagostini.com\/fr\/wp-json\/wp\/v2\/media?parent=551"}],"wp:term":[{"taxonomy":"category","embeddable":true,"href":"https:\/\/studiodagostini.com\/fr\/wp-json\/wp\/v2\/categories?post=551"},{"taxonomy":"post_tag","embeddable":true,"href":"https:\/\/studiodagostini.com\/fr\/wp-json\/wp\/v2\/tags?post=551"}],"curies":[{"name":"wp","href":"https:\/\/api.w.org\/{rel}","templated":true}]}}