{"id":549,"date":"2024-10-16T10:16:13","date_gmt":"2024-10-16T08:16:13","guid":{"rendered":"https:\/\/intelligent-shannon.217-28-65-195.plesk.page\/2024\/10\/16\/concordato-preventivo-biennale-cpb-definizione-agevolata-esercizi-2018-2022\/"},"modified":"2024-10-16T10:16:13","modified_gmt":"2024-10-16T08:16:13","slug":"accord-de-composition-biennal-definition-facilitee-par-la-cpb-exercices-financiers-2018-2022","status":"publish","type":"post","link":"https:\/\/studiodagostini.com\/fr\/circulaires\/2024\/10\/16\/accord-de-composition-biennal-definition-facilitee-par-la-cpb-exercices-financiers-2018-2022\/","title":{"rendered":"Accord pr\u00e9ventif biennal (CPB) - R\u00e8glement facilit\u00e9 pour les exercices 2018 \u00e0 2022"},"content":{"rendered":"<p>En ce qui concerne le r\u00e9gime pr\u00e9ventif biennal (CPB) illustr\u00e9 dans la circulaire pr\u00e9c\u00e9dente, nous tenons \u00e0 souligner que, lors de la conversion en loi du D.L. 113\/2024 (D\u00e9cret Omnibus), qui a eu lieu le 9 octobre 2024, il a \u00e9galement \u00e9t\u00e9 introduit la possibilit\u00e9 de d\u00e9finir et de r\u00e9gulariser, sur une base facilit\u00e9e, les revenus non d\u00e9clar\u00e9s dans les p\u00e9riodes d'imposition entre 2018 et 2022 par les sujets ISA (par cons\u00e9quent, les sujets forfaitaires sont exclus) qui adh\u00e9reront au CPB pour 2024-2025, en payant un imp\u00f4t de substitution de l'imp\u00f4t sur le revenu, des suppl\u00e9ments connexes et de l'IRAP sur le revenu le plus \u00e9lev\u00e9, d\u00e9termin\u00e9 en fonction de leur score ISA.<\/p>\n<p><!--more--><\/p>\n<p>En particulier, la base imposable de l'imp\u00f4t de substitution de l'imp\u00f4t sur le revenu et des majorations y aff\u00e9rentes est constitu\u00e9e, sur une base forfaitaire, par la diff\u00e9rence entre le revenu d'entreprise ou d'activit\u00e9 ind\u00e9pendante d\u00e9j\u00e0 d\u00e9clar\u00e9 dans chaque rente et la valeur de celle-ci augment\u00e9e \u00e0 hauteur de :<\/p>\n<ol>\n<li data-mce-word-list=\"1\">5% pour les sujets ayant un score ISA de 10 ;<\/li>\n<li data-mce-word-list=\"1\">10% pour les sujets ayant un score ISA sup\u00e9rieur ou \u00e9gal \u00e0 8 et inf\u00e9rieur \u00e0 10 ;<\/li>\n<li data-mce-word-list=\"1\">20% pour les sujets ayant un score ISA sup\u00e9rieur ou \u00e9gal \u00e0 6 et inf\u00e9rieur \u00e0 8 ;<\/li>\n<li data-mce-word-list=\"1\">30% pour les sujets dont le score ISA est sup\u00e9rieur ou \u00e9gal \u00e0 4 et inf\u00e9rieur \u00e0 6 ;<\/li>\n<li data-mce-word-list=\"1\">40% pour les sujets dont le score ISA est sup\u00e9rieur ou \u00e9gal \u00e0 3 et inf\u00e9rieur \u00e0 4 ;<\/li>\n<li data-mce-word-list=\"1\">50% pour les sujets dont le score ISA est inf\u00e9rieur \u00e0 3 ;<\/li>\n<\/ol>\n<p>tandis que la base imposable de l'imp\u00f4t de substitution de l'IRAP est la diff\u00e9rence entre la valeur de la production nette d\u00e9j\u00e0 d\u00e9clar\u00e9e chaque ann\u00e9e et la valeur de cette m\u00eame production augment\u00e9e dans la mesure indiqu\u00e9e ci-dessus.<\/p>\n<p>Une fois que la base imposable major\u00e9e a \u00e9t\u00e9 calcul\u00e9e de la mani\u00e8re indiqu\u00e9e, l'imp\u00f4t de substitution sur l'imp\u00f4t sur le revenu et les majorations y aff\u00e9rentes est appliqu\u00e9 au taux de<\/p>\n<ol>\n<li data-mce-word-list=\"1\">10%, si, au cours de la m\u00eame p\u00e9riode d'imposition, la note de l'ISA est \u00e9gale ou sup\u00e9rieure \u00e0 8 ;<\/li>\n<li data-mce-word-list=\"1\">12%, si, au cours de la p\u00e9riode d'imposition individuelle, la note ISA est \u00e9gale ou sup\u00e9rieure \u00e0 6 mais inf\u00e9rieure \u00e0 8 ;<\/li>\n<li data-mce-word-list=\"1\">15%, si, au cours de la m\u00eame p\u00e9riode fiscale, la note ISA est inf\u00e9rieure \u00e0 6 ;<\/li>\n<\/ol>\n<p>tandis que l'imp\u00f4t de substitution pour l'IRAP est de 3,9%.<\/p>\n<p>Nous attirons toutefois l'attention sur le fait que l'adh\u00e9sion \u00e0 l'Arrangement Biennal Pr\u00e9ventif pour les sujets ISA entra\u00eene la prorogation au 31.12.2025 des d\u00e9lais d'imposition qui auraient expir\u00e9 le 31.12.2024 ; en outre, pour les sujets ISA qui adh\u00e8rent \u00e9galement \u00e0 l'amnistie sp\u00e9ciale pour une ou plusieurs ann\u00e9es entre 2018 et 2021, les d\u00e9lais d'imposition seraient tous prorog\u00e9s au 31.12.2027.<\/p>\n<p>Tout en restant \u00e0 votre disposition pour tout doute ou demande d'\u00e9claircissement, nous profitons de l'occasion pour vous adresser nos meilleures salutations.<\/p>","protected":false},"excerpt":{"rendered":"<p>Relativamente al Concordato Preventivo Biennale (CPB) illustrato nella precedente circolare, segnaliamo che, in sede di conversione in Legge del D.L. 113\/2024 (Decreto Omnibus), avvenuta il 9 Ottobre 2024, \u00e8 stata introdotta anche la possibilit\u00e0 di definire e di regolarizzare in misura agevolata i redditi non dichiarati nei periodi d&#8217;imposta compresi tra il 2018 ed il [&hellip;]<\/p>\n","protected":false},"author":1,"featured_media":0,"comment_status":"closed","ping_status":"closed","sticky":false,"template":"","format":"standard","meta":{"_acf_changed":false,"footnotes":""},"categories":[18],"tags":[],"class_list":["post-549","post","type-post","status-publish","format-standard","hentry","category-blog"],"acf":[],"_links":{"self":[{"href":"https:\/\/studiodagostini.com\/fr\/wp-json\/wp\/v2\/posts\/549","targetHints":{"allow":["GET"]}}],"collection":[{"href":"https:\/\/studiodagostini.com\/fr\/wp-json\/wp\/v2\/posts"}],"about":[{"href":"https:\/\/studiodagostini.com\/fr\/wp-json\/wp\/v2\/types\/post"}],"author":[{"embeddable":true,"href":"https:\/\/studiodagostini.com\/fr\/wp-json\/wp\/v2\/users\/1"}],"replies":[{"embeddable":true,"href":"https:\/\/studiodagostini.com\/fr\/wp-json\/wp\/v2\/comments?post=549"}],"version-history":[{"count":0,"href":"https:\/\/studiodagostini.com\/fr\/wp-json\/wp\/v2\/posts\/549\/revisions"}],"wp:attachment":[{"href":"https:\/\/studiodagostini.com\/fr\/wp-json\/wp\/v2\/media?parent=549"}],"wp:term":[{"taxonomy":"category","embeddable":true,"href":"https:\/\/studiodagostini.com\/fr\/wp-json\/wp\/v2\/categories?post=549"},{"taxonomy":"post_tag","embeddable":true,"href":"https:\/\/studiodagostini.com\/fr\/wp-json\/wp\/v2\/tags?post=549"}],"curies":[{"name":"wp","href":"https:\/\/api.w.org\/{rel}","templated":true}]}}