{"id":1337,"date":"2025-12-19T12:55:00","date_gmt":"2025-12-19T11:55:00","guid":{"rendered":"https:\/\/studiodagostini.com\/?p=1337"},"modified":"2025-12-19T14:02:54","modified_gmt":"2025-12-19T13:02:54","slug":"exoneration-de-tva-pour-les-associations","status":"publish","type":"post","link":"https:\/\/studiodagostini.com\/fr\/circulaires\/2025\/12\/19\/exoneration-de-tva-pour-les-associations\/","title":{"rendered":"Exemption de TVA pour les associations"},"content":{"rendered":"<p>En compl\u00e9ment de la circulaire du 21 octobre 2025, nous signalons que l'article 6 du d\u00e9cret l\u00e9gislatif 186\/2025, publi\u00e9 au Journal officiel du vendredi 12 d\u00e9cembre 2025, a report\u00e9 \u00e0 la date du 31 d\u00e9cembre 2025 la date d'entr\u00e9e en vigueur de l'article 6 du d\u00e9cret l\u00e9gislatif 186\/2025. <strong>1er janvier 2036<\/strong> (au lieu du 1er janvier 2026) la date \u00e0 partir de laquelle le nouveau r\u00e9gime d'exon\u00e9ration de la TVA (au lieu du r\u00e9gime d'exclusion) s'appliquera aux op\u00e9rations r\u00e9alis\u00e9es par les associations, conform\u00e9ment \u00e0 l'article 5, paragraphe 15 quater, du d\u00e9cret-loi 146\/2021.<\/p>\n<p><!--more--><\/p>\n<p>En cons\u00e9quence, sous r\u00e9serve de modifications ult\u00e9rieures, <strong><u>les livraisons de biens et les prestations de services effectu\u00e9es moyennant une contrepartie sp\u00e9cifique ou des contributions suppl\u00e9mentaires<\/u><\/strong>, conform\u00e9ment \u00e0 leurs objectifs institutionnels, par les associations politiques, syndicales, religieuses, d'assistance, culturelles, de sport amateur, de promotion sociale et de formation personnelle extrascolaire, <span style=\"text-decoration: underline;\"><strong>en ce qui concerne les membres, les associ\u00e9s, les participants et les associations<\/strong><\/span> exer\u00e7ant la m\u00eame activit\u00e9 et appartenant \u00e0 une m\u00eame organisation locale ou nationale, ainsi que leurs membres, associ\u00e9s ou participants et les membres de leurs organisations nationales respectives, <strong><u>continuera \u00e0 b\u00e9n\u00e9ficier de l'exclusion fiscale pr\u00e9vue \u00e0 l'article 4, paragraphe 4, du d\u00e9cret pr\u00e9sidentiel 633\/1972.<\/u><\/strong>.<\/p>\n<p>Les entit\u00e9s qui n'ont donc pas de num\u00e9ro de TVA \u00e0 ce jour, puisqu'elles n'exercent pas d'activit\u00e9 commerciale, <strong><u>pas<\/u><\/strong> ne seront plus oblig\u00e9s de le faire \u00e0 partir du 1er janvier 2026 s'ils n'effectuent que les op\u00e9rations susmentionn\u00e9es.<\/p>\n<p>&nbsp;<\/p>\n<p>Tout en restant \u00e0 votre disposition pour tout doute ou demande d'\u00e9claircissement, nous profitons de l'occasion pour vous adresser nos meilleures salutations.<\/p>","protected":false},"excerpt":{"rendered":"<p>Ad integrazione della circolare del 21 Ottobre 2025, segnaliamo che l\u2019art. 6 del D.Lgs. 186\/2025, pubblicato in Gazzetta Ufficiale lo scorso venerd\u00ec 12 Dicembre 2025, ha posticipato al 1\u00b0 Gennaio 2036 (rispetto al 1\u00b0 Gennaio 2026) il termine a decorrere dal quale trover\u00e0 applicazione il nuovo regime di esenzione IVA (in luogo di quello di [&hellip;]<\/p>\n","protected":false},"author":6,"featured_media":0,"comment_status":"closed","ping_status":"closed","sticky":false,"template":"","format":"standard","meta":{"_acf_changed":false,"footnotes":""},"categories":[18],"tags":[],"class_list":["post-1337","post","type-post","status-publish","format-standard","hentry","category-blog"],"acf":[],"_links":{"self":[{"href":"https:\/\/studiodagostini.com\/fr\/wp-json\/wp\/v2\/posts\/1337","targetHints":{"allow":["GET"]}}],"collection":[{"href":"https:\/\/studiodagostini.com\/fr\/wp-json\/wp\/v2\/posts"}],"about":[{"href":"https:\/\/studiodagostini.com\/fr\/wp-json\/wp\/v2\/types\/post"}],"author":[{"embeddable":true,"href":"https:\/\/studiodagostini.com\/fr\/wp-json\/wp\/v2\/users\/6"}],"replies":[{"embeddable":true,"href":"https:\/\/studiodagostini.com\/fr\/wp-json\/wp\/v2\/comments?post=1337"}],"version-history":[{"count":1,"href":"https:\/\/studiodagostini.com\/fr\/wp-json\/wp\/v2\/posts\/1337\/revisions"}],"predecessor-version":[{"id":1338,"href":"https:\/\/studiodagostini.com\/fr\/wp-json\/wp\/v2\/posts\/1337\/revisions\/1338"}],"wp:attachment":[{"href":"https:\/\/studiodagostini.com\/fr\/wp-json\/wp\/v2\/media?parent=1337"}],"wp:term":[{"taxonomy":"category","embeddable":true,"href":"https:\/\/studiodagostini.com\/fr\/wp-json\/wp\/v2\/categories?post=1337"},{"taxonomy":"post_tag","embeddable":true,"href":"https:\/\/studiodagostini.com\/fr\/wp-json\/wp\/v2\/tags?post=1337"}],"curies":[{"name":"wp","href":"https:\/\/api.w.org\/{rel}","templated":true}]}}