{"id":1310,"date":"2025-10-15T20:38:52","date_gmt":"2025-10-15T18:38:52","guid":{"rendered":"https:\/\/studiodagostini.com\/?p=1310"},"modified":"2025-10-22T20:47:02","modified_gmt":"2025-10-22T18:47:02","slug":"les-organismes-associes-et-lobligation-de-simmatriculer-a-la-tva-a-partir-du-01-01-2026","status":"publish","type":"post","link":"https:\/\/studiodagostini.com\/fr\/circulaires\/2025\/10\/15\/les-organismes-associes-et-lobligation-de-simmatriculer-a-la-tva-a-partir-du-01-01-2026\/","title":{"rendered":"Associations - Obligation de s'enregistrer \u00e0 la TVA \u00e0 partir du 01.01.2026"},"content":{"rendered":"<p>Conform\u00e9ment aux dispositions de l'article 3, paragraphe 10, du d\u00e9cret-loi 202\/2024 (le \"Decreto Milleproroghe\"), elle a \u00e9t\u00e9 report\u00e9e \u00e0 la date suivante <strong>1er janvier 2026<\/strong> (au lieu du 1er janvier 2025) la date \u00e0 partir de laquelle le nouveau r\u00e9gime d'exon\u00e9ration de la TVA (au lieu du r\u00e9gime d'exclusion) s'applique aux op\u00e9rations r\u00e9alis\u00e9es par les entit\u00e9s associatives conform\u00e9ment \u00e0 l'article 5, paragraphe 15 quater, du d\u00e9cret-loi 146\/2021.<\/p>\n<p><!--more--><\/p>\n<p>Nous vous rappelons que, afin d'uniformiser les r\u00e8gles nationales avec celles de l'Union europ\u00e9enne, conform\u00e9ment aux dispositions de la directive 2006\/112\/CE, l'article 5, alin\u00e9a 15 quater, du d\u00e9cret-loi n\u00b0 146\/2021 a modifi\u00e9 les articles 4 et 10 du d\u00e9cret pr\u00e9sidentiel n\u00b0 633\/1972, d'une part en supprimant les cas d'exclusion de la TVA pr\u00e9vus pour certaines op\u00e9rations des associations, et d'autre part en pr\u00e9voyant le r\u00e9gime d'exon\u00e9ration pour la g\u00e9n\u00e9ralit\u00e9 de ces op\u00e9rations.<\/p>\n<p>En particulier, <strong><u>les livraisons de biens et les prestations de services effectu\u00e9es moyennant une contrepartie sp\u00e9cifique ou des contributions suppl\u00e9mentaires<\/u><\/strong>, conform\u00e9ment \u00e0 leurs objectifs institutionnels, par les associations politiques, syndicales, professionnelles, religieuses, caritatives, culturelles, de sport amateur, de promotion sociale et de formation personnelle extrascolaire, en ce qui concerne les membres, les associ\u00e9s, les membres porteurs de cartes, les participants et les associations qui exercent la m\u00eame activit\u00e9 et font partie d'une seule organisation locale ou nationale, ainsi que leurs membres, associ\u00e9s ou participants respectifs et les membres porteurs de cartes des organisations nationales respectives, qui b\u00e9n\u00e9ficient actuellement de l'exclusion de l'imp\u00f4t en vertu de l'article 4, paragraphe 4, du d\u00e9cret pr\u00e9sidentiel 633\/1972, <strong><u>entreront dans le champ d'application de la taxe<\/u><\/strong>.<\/p>\n<p>Dans la plupart des cas, les associations continueront \u00e0 b\u00e9n\u00e9ficier de l'exon\u00e9ration de la TVA, mais le changement de r\u00e9gime entra\u00eenera un accroissement des formalit\u00e9s, puisque les op\u00e9rations exon\u00e9r\u00e9es de la TVA restent soumises aux obligations formelles habituelles de la taxe (facturation, d\u00e9claration annuelle de la TVA, etc.).<\/p>\n<p>En tout \u00e9tat de cause, avec la disparition du r\u00e9gime d'exclusion des transactions avec les associ\u00e9s, <strong><u>pour de nombreuses associations, cela signifie qu'elles devront demander un num\u00e9ro de TVA<\/u><\/strong>, s'ils n'en sont pas encore en possession.<\/p>\n<p>&nbsp;<\/p>\n<p>Tout en restant \u00e0 votre disposition pour tout doute ou demande d'\u00e9claircissement, nous profitons de l'occasion pour vous adresser nos meilleures salutations.<\/p>","protected":false},"excerpt":{"rendered":"<p>Secondo quanto previsto dall\u2019art. 3, comma 10, del D.L. 202\/2024 (c.d. Decreto Milleproroghe), \u00e8 stato rinviato al 1\u00b0 Gennaio 2026 (rispetto al 1\u00b0 Gennaio 2025) il termine a decorrere dal quale trova applicazione il nuovo regime di esenzione IVA (in luogo di quello di esclusione) per le operazioni realizzate dagli enti associativi di cui all\u2019articolo [&hellip;]<\/p>\n","protected":false},"author":6,"featured_media":0,"comment_status":"closed","ping_status":"closed","sticky":false,"template":"","format":"standard","meta":{"_acf_changed":false,"footnotes":""},"categories":[18],"tags":[],"class_list":["post-1310","post","type-post","status-publish","format-standard","hentry","category-blog"],"acf":[],"_links":{"self":[{"href":"https:\/\/studiodagostini.com\/fr\/wp-json\/wp\/v2\/posts\/1310","targetHints":{"allow":["GET"]}}],"collection":[{"href":"https:\/\/studiodagostini.com\/fr\/wp-json\/wp\/v2\/posts"}],"about":[{"href":"https:\/\/studiodagostini.com\/fr\/wp-json\/wp\/v2\/types\/post"}],"author":[{"embeddable":true,"href":"https:\/\/studiodagostini.com\/fr\/wp-json\/wp\/v2\/users\/6"}],"replies":[{"embeddable":true,"href":"https:\/\/studiodagostini.com\/fr\/wp-json\/wp\/v2\/comments?post=1310"}],"version-history":[{"count":2,"href":"https:\/\/studiodagostini.com\/fr\/wp-json\/wp\/v2\/posts\/1310\/revisions"}],"predecessor-version":[{"id":1312,"href":"https:\/\/studiodagostini.com\/fr\/wp-json\/wp\/v2\/posts\/1310\/revisions\/1312"}],"wp:attachment":[{"href":"https:\/\/studiodagostini.com\/fr\/wp-json\/wp\/v2\/media?parent=1310"}],"wp:term":[{"taxonomy":"category","embeddable":true,"href":"https:\/\/studiodagostini.com\/fr\/wp-json\/wp\/v2\/categories?post=1310"},{"taxonomy":"post_tag","embeddable":true,"href":"https:\/\/studiodagostini.com\/fr\/wp-json\/wp\/v2\/tags?post=1310"}],"curies":[{"name":"wp","href":"https:\/\/api.w.org\/{rel}","templated":true}]}}