{"id":1306,"date":"2025-10-06T18:57:28","date_gmt":"2025-10-06T16:57:28","guid":{"rendered":"https:\/\/studiodagostini.com\/?p=1306"},"modified":"2025-10-06T18:57:40","modified_gmt":"2025-10-06T16:57:40","slug":"lassurance-obligatoire-pour-les-dommages-causes-par-les-catastrophes-naturelles-et-les-evenements-catastrophiques-rappelle","status":"publish","type":"post","link":"https:\/\/studiodagostini.com\/fr\/circulaires\/2025\/10\/06\/lassurance-obligatoire-pour-les-dommages-causes-par-les-catastrophes-naturelles-et-les-evenements-catastrophiques-rappelle\/","title":{"rendered":"Assurance obligatoire pour les dommages caus\u00e9s par les catastrophes naturelles et les \u00e9v\u00e9nements catastrophiques - Rappel"},"content":{"rendered":"<p>Faisant suite aux pr\u00e9c\u00e9dentes circulaires sur le m\u00eame sujet, nous vous rappelons qu'en vertu des dispositions de l'article 1 du d\u00e9cret-loi n\u00b0 39 du 31.03.2025, l'obligation de souscrire une assurance obligatoire pour les dommages caus\u00e9s par les catastrophes naturelles et les \u00e9v\u00e9nements catastrophiques est fix\u00e9e :<\/p>\n<ul>\n<li>pour les moyennes entreprises : jusqu'au 1er octobre 2025 ;<\/li>\n<li>pour les petites et microentreprises : jusqu'au 31 d\u00e9cembre 2025.<\/li>\n<\/ul>\n<p><!--more--><\/p>\n<p>La taille des entreprises est d\u00e9finie par la directive europ\u00e9enne 2023\/2775, \u00e0 laquelle se r\u00e9f\u00e8re le m\u00eame d\u00e9cret-loi, et notamment<\/p>\n<table style=\"height: 398px;\" width=\"758\">\n<tbody>\n<tr>\n<td width=\"217\"><strong>DIMENSIONS<\/strong><\/td>\n<td width=\"482\"><strong>LIMITES<\/strong><\/td>\n<\/tr>\n<tr>\n<td width=\"217\">Micro-entreprises<\/td>\n<td width=\"482\">Total du bilan : jusqu'\u00e0 <strong><u>450 000 euros<\/u><\/strong><br \/>\nRecettes nettes provenant des ventes et des services : jusqu'\u00e0 <strong><u>900 000 euros<\/u><\/strong><br \/>\nNombre moyen de salari\u00e9s employ\u00e9s au cours de l'exercice : jusqu'\u00e0 <strong><u>10<\/u><\/strong><\/td>\n<\/tr>\n<tr>\n<td width=\"217\">Petites entreprises<\/td>\n<td width=\"482\">Total du bilan : jusqu'\u00e0 <strong><u>5 millions d'euros<\/u><\/strong><br \/>\nRecettes nettes provenant des ventes et des services : jusqu'\u00e0 <strong><u>10 millions d'euros<\/u><\/strong><br \/>\nNombre moyen de salari\u00e9s employ\u00e9s au cours de l'exercice : jusqu'\u00e0 <strong><u>50<\/u><\/strong><\/td>\n<\/tr>\n<tr>\n<td width=\"217\">Entreprises moyennes<\/td>\n<td width=\"482\">Total du bilan : jusqu'\u00e0 <strong><u>25 millions d'euros<\/u><\/strong><br \/>\nRecettes nettes provenant des ventes et des services : jusqu'\u00e0 <strong><u>50 millions d'euros<br \/>\n<\/u><\/strong>Nombre moyen de salari\u00e9s employ\u00e9s au cours de l'exercice : jusqu'\u00e0 <strong><u>250<\/u><\/strong><\/td>\n<\/tr>\n<\/tbody>\n<\/table>\n<p>Nous vous rappelons que la sanction, en cas de non-r\u00e9alisation, est l'impossibilit\u00e9 d'acc\u00e9der aux cr\u00e9dits d'imp\u00f4ts et autres avantages fiscaux ; il en sera notamment tenu compte lors de l'attribution de subventions, facilit\u00e9s ou autres soutiens financiers publics, m\u00eame s'ils ne sont pas li\u00e9s aux \u00e9v\u00e9nements calamiteux.<\/p>\n<p>Tout en restant \u00e0 votre disposition pour tout doute ou demande d'\u00e9claircissement, nous profitons de l'occasion pour vous adresser nos meilleures salutations.<\/p>","protected":false},"excerpt":{"rendered":"<p>Facendo seguito alle precedenti circolari sul medesimo argomento, ricordiamo che, per effetto di quanto disposto dall\u2019art. 1 del Decreto Legge n. 39 del 31.03.2025, l\u2019obbligo di stipula dell\u2019assicurazione obbligatoria per i danni da calamit\u00e0 naturali ed eventi catastrofali \u00e8 fissato: per le medie imprese: al 1\u00b0 Ottobre 2025; per le piccole e micro imprese: al [&hellip;]<\/p>\n","protected":false},"author":6,"featured_media":0,"comment_status":"closed","ping_status":"closed","sticky":false,"template":"","format":"standard","meta":{"_acf_changed":false,"footnotes":""},"categories":[18],"tags":[],"class_list":["post-1306","post","type-post","status-publish","format-standard","hentry","category-blog"],"acf":[],"_links":{"self":[{"href":"https:\/\/studiodagostini.com\/fr\/wp-json\/wp\/v2\/posts\/1306","targetHints":{"allow":["GET"]}}],"collection":[{"href":"https:\/\/studiodagostini.com\/fr\/wp-json\/wp\/v2\/posts"}],"about":[{"href":"https:\/\/studiodagostini.com\/fr\/wp-json\/wp\/v2\/types\/post"}],"author":[{"embeddable":true,"href":"https:\/\/studiodagostini.com\/fr\/wp-json\/wp\/v2\/users\/6"}],"replies":[{"embeddable":true,"href":"https:\/\/studiodagostini.com\/fr\/wp-json\/wp\/v2\/comments?post=1306"}],"version-history":[{"count":2,"href":"https:\/\/studiodagostini.com\/fr\/wp-json\/wp\/v2\/posts\/1306\/revisions"}],"predecessor-version":[{"id":1308,"href":"https:\/\/studiodagostini.com\/fr\/wp-json\/wp\/v2\/posts\/1306\/revisions\/1308"}],"wp:attachment":[{"href":"https:\/\/studiodagostini.com\/fr\/wp-json\/wp\/v2\/media?parent=1306"}],"wp:term":[{"taxonomy":"category","embeddable":true,"href":"https:\/\/studiodagostini.com\/fr\/wp-json\/wp\/v2\/categories?post=1306"},{"taxonomy":"post_tag","embeddable":true,"href":"https:\/\/studiodagostini.com\/fr\/wp-json\/wp\/v2\/tags?post=1306"}],"curies":[{"name":"wp","href":"https:\/\/api.w.org\/{rel}","templated":true}]}}