{"id":1198,"date":"2025-05-27T07:20:00","date_gmt":"2025-05-27T05:20:00","guid":{"rendered":"https:\/\/studiodagostini.com\/?p=1198"},"modified":"2025-07-09T13:33:54","modified_gmt":"2025-07-09T11:33:54","slug":"deduction-maximale-des-frais-de-personnel","status":"publish","type":"post","link":"https:\/\/studiodagostini.com\/fr\/circulaires\/2025\/05\/27\/deduction-maximale-des-frais-de-personnel\/","title":{"rendered":"Maxi-d\u00e9duction des frais de personnel"},"content":{"rendered":"<p><\/p>\n\n\n\n<p><\/p>\n\n\n<p>Conform\u00e9ment \u00e0 l'article 4 du d\u00e9cret l\u00e9gislatif n\u00b0 216\/2023 et \u00e0 l'article 1, paragraphes 399-400, de la loi n\u00b0 207\/2024, une augmentation du co\u00fbt autoris\u00e9 en tant que d\u00e9duction pour les nouvelles embauches de personnel est pr\u00e9vue pour les p\u00e9riodes fiscales 2024, 2025, 2026 et 2027.<\/p>\n<p><!--more--><\/p>\n<p>En particulier, pour les titulaires de revenus d'entreprise et pour les personnes exer\u00e7ant des professions artistiques et lib\u00e9rales qui embauchent des salari\u00e9s permanents, une majoration de l'imp\u00f4t 20% sur les co\u00fbts salariaux aux fins de l'IRES\/IRPEF est reconnue ; pour b\u00e9n\u00e9ficier de la d\u00e9duction, les deux conditions suivantes doivent \u00eatre remplies<\/p>\n<ul>\n<li><strong><u>augmentation de l'emploi \u00e0 la fin de la p\u00e9riode d'imposition<\/u><\/strong>c'est-\u00e0-dire que le nombre de salari\u00e9s permanents \u00e0 la fin de l'exercice doit \u00eatre sup\u00e9rieur au nombre moyen de salari\u00e9s permanents employ\u00e9s \u00e0 la fin de l'ann\u00e9e pr\u00e9c\u00e9dente ;<\/li>\n<li><strong><u>augmentation totale de l'emploi \u00e0 la fin de la p\u00e9riode fiscale<\/u><\/strong>c'est-\u00e0-dire que le nombre total de salari\u00e9s, y compris les salari\u00e9s sous contrat \u00e0 dur\u00e9e d\u00e9termin\u00e9e, \u00e0 la fin de l'exercice doit \u00eatre sup\u00e9rieur \u00e0 la moyenne du nombre total de salari\u00e9s \u00e0 la fin de l'ann\u00e9e pr\u00e9c\u00e9dente.<\/li>\n<\/ul>\n<p>La d\u00e9termination de la majoration de la taxe 20% sera calcul\u00e9e sur le montant le moins \u00e9lev\u00e9 entre :<\/p>\n<ul>\n<li>le co\u00fbt r\u00e9el des nouvelles embauches permanentes ;<\/li>\n<li>l'augmentation du total des frais de personnel par rapport \u00e0 la p\u00e9riode pr\u00e9c\u00e9dente.<\/li>\n<\/ul>\n<p>Outre les nouveaux contrats de travail \u00e0 dur\u00e9e ind\u00e9termin\u00e9e, sont \u00e9galement prises en compte les conversions de contrats \u00e0 dur\u00e9e d\u00e9termin\u00e9e en contrats \u00e0 dur\u00e9e ind\u00e9termin\u00e9e \u00e0 compter de la date de conversion du contrat. Enfin, l'article 1er, paragraphe 400, point b), de la loi de finances 2025 pr\u00e9cit\u00e9e pr\u00e9voit que pour la d\u00e9termination des acomptes dus pour la p\u00e9riode d'imposition suivante, il n'est pas tenu compte de cette augmentation des frais de personnel admise en d\u00e9duction.<\/p>\n<p>Tout en restant \u00e0 votre disposition pour tout doute ou demande d'\u00e9claircissement, nous profitons de l'occasion pour vous adresser nos meilleures salutations.<\/p>\n\n\n<p><\/p>\n\n\n\n<p><\/p>","protected":false},"excerpt":{"rendered":"<p>Conform\u00e9ment \u00e0 l'article 4 du d\u00e9cret l\u00e9gislatif n\u00b0 216\/2023 et \u00e0 l'article 1, paragraphes 399-400, de la loi n\u00b0 207\/2024, une augmentation du co\u00fbt autoris\u00e9 en tant que d\u00e9duction pour les nouvelles embauches de personnel est pr\u00e9vue pour les p\u00e9riodes fiscales 2024, 2025, 2026 et 2027.<\/p>","protected":false},"author":6,"featured_media":0,"comment_status":"closed","ping_status":"closed","sticky":false,"template":"","format":"standard","meta":{"_acf_changed":false,"footnotes":""},"categories":[18],"tags":[],"class_list":["post-1198","post","type-post","status-publish","format-standard","hentry","category-blog"],"acf":[],"_links":{"self":[{"href":"https:\/\/studiodagostini.com\/fr\/wp-json\/wp\/v2\/posts\/1198","targetHints":{"allow":["GET"]}}],"collection":[{"href":"https:\/\/studiodagostini.com\/fr\/wp-json\/wp\/v2\/posts"}],"about":[{"href":"https:\/\/studiodagostini.com\/fr\/wp-json\/wp\/v2\/types\/post"}],"author":[{"embeddable":true,"href":"https:\/\/studiodagostini.com\/fr\/wp-json\/wp\/v2\/users\/6"}],"replies":[{"embeddable":true,"href":"https:\/\/studiodagostini.com\/fr\/wp-json\/wp\/v2\/comments?post=1198"}],"version-history":[{"count":7,"href":"https:\/\/studiodagostini.com\/fr\/wp-json\/wp\/v2\/posts\/1198\/revisions"}],"predecessor-version":[{"id":1209,"href":"https:\/\/studiodagostini.com\/fr\/wp-json\/wp\/v2\/posts\/1198\/revisions\/1209"}],"wp:attachment":[{"href":"https:\/\/studiodagostini.com\/fr\/wp-json\/wp\/v2\/media?parent=1198"}],"wp:term":[{"taxonomy":"category","embeddable":true,"href":"https:\/\/studiodagostini.com\/fr\/wp-json\/wp\/v2\/categories?post=1198"},{"taxonomy":"post_tag","embeddable":true,"href":"https:\/\/studiodagostini.com\/fr\/wp-json\/wp\/v2\/tags?post=1198"}],"curies":[{"name":"wp","href":"https:\/\/api.w.org\/{rel}","templated":true}]}}