{"id":566,"date":"2025-03-17T18:39:14","date_gmt":"2025-03-17T17:39:14","guid":{"rendered":"https:\/\/intelligent-shannon.217-28-65-195.plesk.page\/2025\/03\/17\/obbligo-pec-personale-amministratori-societa\/"},"modified":"2025-03-17T18:39:14","modified_gmt":"2025-03-17T17:39:14","slug":"obligacion-de-pec-personal-de-los-administradores-de-sociedades","status":"publish","type":"post","link":"https:\/\/studiodagostini.com\/es\/circulares\/2025\/03\/17\/obligacion-de-pec-personal-de-los-administradores-de-sociedades\/","title":{"rendered":"Obligaci\u00f3n personal de PEC para los administradores de sociedades"},"content":{"rendered":"<p>Le informamos que el pasado 12 de marzo, el Ministerio de Empresa y Made in Italy, en su nota n\u00ba 43836, aclar\u00f3 que el art\u00edculo 1, p\u00e1rrafo 860, de la Ley n\u00ba 207\/2024 (Ley de Presupuestos 2025), relativo a la extensi\u00f3n de la obligaci\u00f3n de los administradores de las sociedades constituidas bajo forma societaria de dotarse de un PEC personal a comunicar al Registro Mercantil, <strong><span style=\"text-decoration: underline;\">tambi\u00e9n se aplica a las empresas constituidas antes del 01.01.2025<\/span><\/strong>en contra de las interpretaciones iniciales de algunas C\u00e1maras de Comercio.<\/p>\n<p><!--more--><\/p>\n<p>La obligaci\u00f3n se aplica a todo tipo de empresas, salvo en algunos casos especiales.<br \/>En consecuencia, <strong><span style=\"text-decoration: underline;\">para todas las empresas constituidas en forma de sociedad<\/span><\/strong>independientemente de su fecha de constituci\u00f3n, <strong>t<span style=\"text-decoration: underline;\">todos los directores y liquidadores deben tener su propio PEC personal<\/span><\/strong> y deber\u00e1 notificarlo al Registro Mercantil <strong><span style=\"text-decoration: underline;\">antes del pr\u00f3ximo 30 de junio<\/span><\/strong>.<\/p>\n<p>Hacemos hincapi\u00e9 en que, incluso antes de este plazo, las C\u00e1maras de Comercio podr\u00e1n suspender los expedientes enviados si se detecta esta deficiencia; por lo tanto, invitamos a todos los clientes a realizar esta comunicaci\u00f3n con la debida antelaci\u00f3n, con el fin de evitar posibles retrasos en la tramitaci\u00f3n de los expedientes por parte de las C\u00e1maras de Comercio y\/o para no incurrir en sanciones por comunicaci\u00f3n tard\u00eda.<\/p>\n<p>Quedando a su disposici\u00f3n para cualquier duda o solicitud de aclaraci\u00f3n, aprovechamos la ocasi\u00f3n para saludarles muy atentamente.<\/p>","protected":false},"excerpt":{"rendered":"<p>Informiamo che lo scorso 12 Marzo il Ministero delle Imprese e del Made in Italy, con la nota n. 43836, ha chiarito che l\u2019art. 1, comma 860, della Legge n. 207\/2024 (Legge di Bilancio 2025), riguardante l\u2019estensione dell\u2019obbligo per gli amministratori di imprese costituite in forma societaria di dotarsi di una PEC personale da comunicare [&hellip;]<\/p>\n","protected":false},"author":1,"featured_media":0,"comment_status":"closed","ping_status":"closed","sticky":false,"template":"","format":"standard","meta":{"_acf_changed":false,"footnotes":""},"categories":[18],"tags":[],"class_list":["post-566","post","type-post","status-publish","format-standard","hentry","category-blog"],"acf":[],"_links":{"self":[{"href":"https:\/\/studiodagostini.com\/es\/wp-json\/wp\/v2\/posts\/566","targetHints":{"allow":["GET"]}}],"collection":[{"href":"https:\/\/studiodagostini.com\/es\/wp-json\/wp\/v2\/posts"}],"about":[{"href":"https:\/\/studiodagostini.com\/es\/wp-json\/wp\/v2\/types\/post"}],"author":[{"embeddable":true,"href":"https:\/\/studiodagostini.com\/es\/wp-json\/wp\/v2\/users\/1"}],"replies":[{"embeddable":true,"href":"https:\/\/studiodagostini.com\/es\/wp-json\/wp\/v2\/comments?post=566"}],"version-history":[{"count":0,"href":"https:\/\/studiodagostini.com\/es\/wp-json\/wp\/v2\/posts\/566\/revisions"}],"wp:attachment":[{"href":"https:\/\/studiodagostini.com\/es\/wp-json\/wp\/v2\/media?parent=566"}],"wp:term":[{"taxonomy":"category","embeddable":true,"href":"https:\/\/studiodagostini.com\/es\/wp-json\/wp\/v2\/categories?post=566"},{"taxonomy":"post_tag","embeddable":true,"href":"https:\/\/studiodagostini.com\/es\/wp-json\/wp\/v2\/tags?post=566"}],"curies":[{"name":"wp","href":"https:\/\/api.w.org\/{rel}","templated":true}]}}