{"id":555,"date":"2024-12-13T10:35:15","date_gmt":"2024-12-13T09:35:15","guid":{"rendered":"https:\/\/intelligent-shannon.217-28-65-195.plesk.page\/2024\/12\/13\/esenzione-imu-coltivatori-diretti-imprenditori-agricoli-professionali\/"},"modified":"2024-12-13T10:35:15","modified_gmt":"2024-12-13T09:35:15","slug":"exencion-del-imu-para-cultivadores-directos-empresarios-agricolas-profesionales","status":"publish","type":"post","link":"https:\/\/studiodagostini.com\/es\/circulares\/2024\/12\/13\/exencion-del-imu-para-cultivadores-directos-empresarios-agricolas-profesionales\/","title":{"rendered":"Exenci\u00f3n del IMU para cultivadores directos y empresarios agr\u00edcolas profesionales"},"content":{"rendered":"<p>Recordamos a todos que el par\u00e1grafo 758 del art\u00edculo 1 de la Ley 160 de 2019 dispuso la exenci\u00f3n del IMU para predios de propiedad y conducidos por <em>cultivadores directos<\/em> (CD) y el <em>empresarios agr\u00edcolas profesionales<\/em> (IAP), inscritas en el r\u00e9gimen agrario de la Seguridad Social, incluidas las empresas agrarias a que se refiere el art\u00edculo 1, apartado 3, del Decreto Legislativo 99\/2004, independientemente de la ubicaci\u00f3n de las tierras.<\/p>\n<p><!--more--><\/p>\n<p>La exenci\u00f3n tambi\u00e9n se extiende:<\/p>\n<ul>\n<li>a los socios de sociedades que ejerzan una actividad agraria y tengan la condici\u00f3n de CD o IAP;<\/li>\n<li>los miembros de la familia colaboradores del CD inscritos en la administraci\u00f3n de seguridad social y bienestar agr\u00edcola como CD;<\/li>\n<li>a los pensionistas CD e IAP que siguen afiliados a la Administraci\u00f3n de Seguridad Social y Previsi\u00f3n Agraria y que siguen ejerciendo la actividad agraria.<\/li>\n<\/ul>\n<p>En caso de copropiedad, la exenci\u00f3n s\u00f3lo se aplica a los copropietarios con estatuto de CD o IAP que exploten las tierras.<br \/>La exenci\u00f3n tambi\u00e9n se aplica a los terrenos calificados como edificables.<\/p>\n<p>&nbsp;Quedando a su disposici\u00f3n para cualquier duda o solicitud de aclaraci\u00f3n, aprovechamos la ocasi\u00f3n para saludarles muy atentamente.<\/p>","protected":false},"excerpt":{"rendered":"<p>Ricordiamo a tutti che con l\u2019art. 1, comma 758, della Legge 160 del 2019, \u00e8 stata prevista l\u2019esenzione dell\u2019IMU per i terreni posseduti e condotti dai \u201ccoltivatori diretti\u201d (CD) e dagli \u201cimprenditori agricoli professionali\u201d (IAP), iscritti alla previdenza agricola, comprese le societ\u00e0 agricole di cui all\u2019art. 1, comma 3, del D.Lgs 99\/2004, indipendentemente dall\u2019ubicazione del [&hellip;]<\/p>\n","protected":false},"author":1,"featured_media":0,"comment_status":"closed","ping_status":"closed","sticky":false,"template":"","format":"standard","meta":{"_acf_changed":false,"footnotes":""},"categories":[18],"tags":[],"class_list":["post-555","post","type-post","status-publish","format-standard","hentry","category-blog"],"acf":[],"_links":{"self":[{"href":"https:\/\/studiodagostini.com\/es\/wp-json\/wp\/v2\/posts\/555","targetHints":{"allow":["GET"]}}],"collection":[{"href":"https:\/\/studiodagostini.com\/es\/wp-json\/wp\/v2\/posts"}],"about":[{"href":"https:\/\/studiodagostini.com\/es\/wp-json\/wp\/v2\/types\/post"}],"author":[{"embeddable":true,"href":"https:\/\/studiodagostini.com\/es\/wp-json\/wp\/v2\/users\/1"}],"replies":[{"embeddable":true,"href":"https:\/\/studiodagostini.com\/es\/wp-json\/wp\/v2\/comments?post=555"}],"version-history":[{"count":0,"href":"https:\/\/studiodagostini.com\/es\/wp-json\/wp\/v2\/posts\/555\/revisions"}],"wp:attachment":[{"href":"https:\/\/studiodagostini.com\/es\/wp-json\/wp\/v2\/media?parent=555"}],"wp:term":[{"taxonomy":"category","embeddable":true,"href":"https:\/\/studiodagostini.com\/es\/wp-json\/wp\/v2\/categories?post=555"},{"taxonomy":"post_tag","embeddable":true,"href":"https:\/\/studiodagostini.com\/es\/wp-json\/wp\/v2\/tags?post=555"}],"curies":[{"name":"wp","href":"https:\/\/api.w.org\/{rel}","templated":true}]}}