{"id":551,"date":"2024-11-18T14:52:33","date_gmt":"2024-11-18T13:52:33","guid":{"rendered":"https:\/\/intelligent-shannon.217-28-65-195.plesk.page\/2024\/11\/18\/proroga-termine-aderire-concordato-preventivo-biennale-cpb\/"},"modified":"2024-11-18T14:52:33","modified_gmt":"2024-11-18T13:52:33","slug":"prorroga-del-plazo-para-adherirse-al-convenio-de-dos-anos-de-composicion-cpb","status":"publish","type":"post","link":"https:\/\/studiodagostini.com\/es\/circulares\/2024\/11\/18\/prorroga-del-plazo-para-adherirse-al-convenio-de-dos-anos-de-composicion-cpb\/","title":{"rendered":"Ampliaci\u00f3n del plazo para adherirse al Concordato Preventivo Bienal (CPB)"},"content":{"rendered":"<p>El art. 1\u00ba del Decreto-Ley n.\u00ba 167, de 14\/11\/2024, dispuso la reapertura de los plazos para la adhesi\u00f3n al R\u00e9gimen Preventivo Bienal para todos los sujetos del ISA (por lo tanto, no afecta a los sujetos de la tarifa plana y a los sujetos excluidos del ISA, incluidos aquellos con ingresos iguales o superiores a 5.164.569 euros en 2023), que presentaron sus declaraciones fiscales hasta la fecha l\u00edmite de 31\/10\/2024 y que, a pesar de reunir los requisitos, no se adhirieron al CPB.<\/p>\n<p><!--more--><\/p>\n<p>El nuevo plazo de adhesi\u00f3n es el siguiente <strong>12.12.2024<\/strong> y, para acceder al nuevo instituto, es necesario que la declaraci\u00f3n complementaria que se presente no reduzca la base imponible ni la cuota tributaria, ni aumente el cr\u00e9dito respecto a la declaraci\u00f3n original.<\/p>\n<p><strong>&nbsp;<\/strong><\/p>\n<p><strong>QU\u00c9 ES EL CONVENIO DE DOS A\u00d1OS<\/strong><\/p>\n<p>Como ya se comunic\u00f3 en circulares anteriores sobre el tema, el CPB es una propuesta formulada por la Agencia Tributaria para definir <strong>por adelantado y a tanto alzado<\/strong> impuestos para los a\u00f1os 2024-2025, <strong>independientemente de los ingresos reales obtenidos<\/strong>.<\/p>\n<p>Con la mencionada reapertura de los plazos, se permitir\u00e1 la adhesi\u00f3n al CPB a los contribuyentes obligados a aplicar NIA para los que no se cumplan las condiciones de denegaci\u00f3n establecidas en el decreto CPB y, en particular, a los contribuyentes que<\/p>\n<ul>\n<li data-mce-word-list=\"1\">tener deudas tributarias y de seguridad social definitivamente liquidadas por un importe superior a 5.000,00 euros a 31.12.2023, salvo que se hayan reducido por debajo de este umbral o se hayan pagado a plazos antes de la adhesi\u00f3n;<\/li>\n<li data-mce-word-list=\"1\">no hayan presentado declaraci\u00f3n de la renta por al menos uno de los tres per\u00edodos impositivos anteriores a aquellos en los que se aplica el r\u00e9gimen, cuando exista obligaci\u00f3n de hacerlo;<\/li>\n<li data-mce-word-list=\"1\">hayan sido condenados por delitos tipificados en el Decreto Legislativo n\u00ba 74\/2000, en el art\u00edculo 2621 del C\u00f3digo Civil, as\u00ed como en los art\u00edculos 648-bis, 648-ter y 648-ter 1 del C\u00f3digo Penal (falsedad contable, falsedad en las comunicaciones societarias, blanqueo\/autoblanqueo de capitales, delitos penados con dos a\u00f1os de prisi\u00f3n), cometidos en los tres \u00faltimos per\u00edodos impositivos anteriores a los de aplicaci\u00f3n del r\u00e9gimen;<\/li>\n<li data-mce-word-list=\"1\">hayan obtenido rentas exentas, excluidas o no concurrentes con la base imponible en cuant\u00eda superior al 40% de sus ingresos procedentes del ejercicio de su actividad empresarial, negocio o profesi\u00f3n;<\/li>\n<li data-mce-word-list=\"1\">en 2024 han llevado a cabo fusiones, escisiones, aportaciones o cambios en la estructura accionarial (excluyendo \u00fanicamente la divisi\u00f3n de acciones);<\/li>\n<li data-mce-word-list=\"1\">no presentaron su declaraci\u00f3n de la renta de 2023 antes de la fecha l\u00edmite de 31.10.2024.<\/li>\n<\/ul>\n<p>Con respecto a las partes ISA que han suscrito el acuerdo, cualquier actividad de evaluaci\u00f3n de los per\u00edodos impositivos sujetos al CPB no supone reconstrucciones anal\u00edtico-inductivas.<strong> <br \/><\/strong><\/p>\n<p><strong>ESCUDO FISCAL PARA LOS A\u00d1OS 2018-2022<\/strong><\/p>\n<p>Cuando el Decreto-Ley 113\/2024 (Decreto \u00d3mnibus) se convirti\u00f3 en ley el 9 de octubre de 2024, tambi\u00e9n se introdujo la posibilidad de <strong>definir y regularizar, de forma facilitada, las rentas no declaradas correspondientes a los periodos impositivos comprendidos entre 2018 y 2022<\/strong> por los sujetos del ISA que se adhieran al CPB para 2024-2025, mediante el pago de un impuesto sustitutivo del impuesto sobre la renta, los recargos correspondientes y el IRAP sobre la renta m\u00e1s elevada, determinada en funci\u00f3n de su puntuaci\u00f3n en el ISA (para m\u00e1s detalles, v\u00e9ase la circular de 16.10.2024).<\/p>\n<p>No obstante, quiero se\u00f1alar a todos que la adhesi\u00f3n al R\u00e9gimen Preventivo Bienal para los sujetos del ISA conlleva la ampliaci\u00f3n hasta el 31.12.2025 de los plazos de las liquidaciones tributarias que hubieran vencido el 31.12.2024; adem\u00e1s, para los sujetos del ISA que tambi\u00e9n se adhieran a la amnist\u00eda especial durante uno o m\u00e1s a\u00f1os entre 2018 y 2021, los plazos de las liquidaciones se ampliar\u00edan todos hasta el 31.12.2027.<\/p>\n<p>Quedando a su disposici\u00f3n para cualquier duda o solicitud de aclaraci\u00f3n, aprovechamos la ocasi\u00f3n para saludarles muy atentamente.<\/p>","protected":false},"excerpt":{"rendered":"<p>L\u2019art. 1 del D.L. n. 167 del 14\/11\/2024 ha previsto la riapertura dei termini per aderire al Concordato Preventivo Biennale per tutti i soggetti ISA (non riguarda, quindi, i soggetti forfetari ed i soggetti esclusi ISA, tra cui quelli con ricavi di ammontare pari o superiori nel 2023 ad euro 5.164.569), che hanno presentato la [&hellip;]<\/p>\n","protected":false},"author":1,"featured_media":0,"comment_status":"closed","ping_status":"closed","sticky":false,"template":"","format":"standard","meta":{"_acf_changed":false,"footnotes":""},"categories":[18],"tags":[],"class_list":["post-551","post","type-post","status-publish","format-standard","hentry","category-blog"],"acf":[],"_links":{"self":[{"href":"https:\/\/studiodagostini.com\/es\/wp-json\/wp\/v2\/posts\/551","targetHints":{"allow":["GET"]}}],"collection":[{"href":"https:\/\/studiodagostini.com\/es\/wp-json\/wp\/v2\/posts"}],"about":[{"href":"https:\/\/studiodagostini.com\/es\/wp-json\/wp\/v2\/types\/post"}],"author":[{"embeddable":true,"href":"https:\/\/studiodagostini.com\/es\/wp-json\/wp\/v2\/users\/1"}],"replies":[{"embeddable":true,"href":"https:\/\/studiodagostini.com\/es\/wp-json\/wp\/v2\/comments?post=551"}],"version-history":[{"count":0,"href":"https:\/\/studiodagostini.com\/es\/wp-json\/wp\/v2\/posts\/551\/revisions"}],"wp:attachment":[{"href":"https:\/\/studiodagostini.com\/es\/wp-json\/wp\/v2\/media?parent=551"}],"wp:term":[{"taxonomy":"category","embeddable":true,"href":"https:\/\/studiodagostini.com\/es\/wp-json\/wp\/v2\/categories?post=551"},{"taxonomy":"post_tag","embeddable":true,"href":"https:\/\/studiodagostini.com\/es\/wp-json\/wp\/v2\/tags?post=551"}],"curies":[{"name":"wp","href":"https:\/\/api.w.org\/{rel}","templated":true}]}}