{"id":549,"date":"2024-10-16T10:16:13","date_gmt":"2024-10-16T08:16:13","guid":{"rendered":"https:\/\/intelligent-shannon.217-28-65-195.plesk.page\/2024\/10\/16\/concordato-preventivo-biennale-cpb-definizione-agevolata-esercizi-2018-2022\/"},"modified":"2024-10-16T10:16:13","modified_gmt":"2024-10-16T08:16:13","slug":"convenio-de-composicion-bienal-definicion-facilitada-por-la-cpb-ejercicios-2018-2022","status":"publish","type":"post","link":"https:\/\/studiodagostini.com\/es\/circulares\/2024\/10\/16\/convenio-de-composicion-bienal-definicion-facilitada-por-la-cpb-ejercicios-2018-2022\/","title":{"rendered":"Acuerdo Preventivo Bienal (CPB) - Liquidaci\u00f3n facilitada para los ejercicios 2018 a 2022"},"content":{"rendered":"<p>En relaci\u00f3n con el R\u00e9gimen Preventivo Bienal (RPB) ilustrado en la circular anterior, queremos se\u00f1alar que, al convertirse en Ley el D.L. 113\/2024 (Decreto \u00d3mnibus), que tuvo lugar el 9 de octubre de 2024, se introdujo tambi\u00e9n la posibilidad de definir y regularizar, de forma facilitada, las rentas no declaradas en los periodos impositivos comprendidos entre 2018 y 2022 por los sujetos del ISA (quedan excluidos, por tanto, los sujetos de tarifa plana) que se adhieran al CPB para 2024-2025, mediante el pago de un gravamen sustitutivo del IRPF, recargos correspondientes e IRAP sobre la mayor renta, determinada en funci\u00f3n de su puntuaci\u00f3n en el ISA.<\/p>\n<p><!--more--><\/p>\n<p>En particular, la base imponible del gravamen sustitutivo del IRPF y recargos accesorios est\u00e1 constituida, a tanto alzado, por la diferencia entre los rendimientos empresariales o del trabajo aut\u00f3nomo ya declarados en cada ejercicio y el valor de los mismos incrementado en la cuant\u00eda de:<\/p>\n<ol>\n<li data-mce-word-list=\"1\">5% para sujetos con una puntuaci\u00f3n ISA de 10;<\/li>\n<li data-mce-word-list=\"1\">10% para sujetos con una puntuaci\u00f3n ISA igual o superior a 8 e inferior a 10;<\/li>\n<li data-mce-word-list=\"1\">20% para los sujetos con una puntuaci\u00f3n ISA igual o superior a 6 e inferior a 8;<\/li>\n<li data-mce-word-list=\"1\">30% para los sujetos con una puntuaci\u00f3n ISA igual o superior a 4 e inferior a 6;<\/li>\n<li data-mce-word-list=\"1\">40% para los sujetos con una puntuaci\u00f3n ISA igual o superior a 3 e inferior a 4;<\/li>\n<li data-mce-word-list=\"1\">50% para sujetos con puntuaciones ISA inferiores a 3;<\/li>\n<\/ol>\n<p>mientras que la base imponible del impuesto sustitutivo del IRAP es la diferencia entre el valor de la producci\u00f3n neta ya declarada en cada a\u00f1o y el valor de la misma incrementada en la medida establecida anteriormente.<\/p>\n<p>Una vez calculada la base imponible incrementada en la forma indicada, se aplica el gravamen sustitutivo del IRPF y recargos correspondientes al tipo de:<\/p>\n<ol>\n<li data-mce-word-list=\"1\">10%, si en el per\u00edodo impositivo \u00fanico la calificaci\u00f3n de la ISA es igual o superior a 8;<\/li>\n<li data-mce-word-list=\"1\">12%, si en el per\u00edodo impositivo individual la calificaci\u00f3n del ISA es igual o superior a 6 pero inferior a 8;<\/li>\n<li data-mce-word-list=\"1\">15%, si en el per\u00edodo impositivo \u00fanico la calificaci\u00f3n del ISA es inferior a 6;<\/li>\n<\/ol>\n<p>mientras que el impuesto sustitutivo del IRAP es de 3,9%.<\/p>\n<p>No obstante, advertimos a todos que la adhesi\u00f3n al R\u00e9gimen Preventivo Bienal para los sujetos del ISA conlleva la ampliaci\u00f3n hasta el 31.12.2025 de los plazos de las liquidaciones tributarias que hubieran vencido el 31.12.2024; adem\u00e1s, para los sujetos del ISA que tambi\u00e9n se adhieran a la amnist\u00eda especial durante uno o m\u00e1s a\u00f1os entre 2018 y 2021, los plazos de las liquidaciones se ampliar\u00edan todos hasta el 31.12.2027.<\/p>\n<p>Quedando a su disposici\u00f3n para cualquier duda o solicitud de aclaraci\u00f3n, aprovechamos la ocasi\u00f3n para saludarles muy atentamente.<\/p>","protected":false},"excerpt":{"rendered":"<p>Relativamente al Concordato Preventivo Biennale (CPB) illustrato nella precedente circolare, segnaliamo che, in sede di conversione in Legge del D.L. 113\/2024 (Decreto Omnibus), avvenuta il 9 Ottobre 2024, \u00e8 stata introdotta anche la possibilit\u00e0 di definire e di regolarizzare in misura agevolata i redditi non dichiarati nei periodi d&#8217;imposta compresi tra il 2018 ed il [&hellip;]<\/p>\n","protected":false},"author":1,"featured_media":0,"comment_status":"closed","ping_status":"closed","sticky":false,"template":"","format":"standard","meta":{"_acf_changed":false,"footnotes":""},"categories":[18],"tags":[],"class_list":["post-549","post","type-post","status-publish","format-standard","hentry","category-blog"],"acf":[],"_links":{"self":[{"href":"https:\/\/studiodagostini.com\/es\/wp-json\/wp\/v2\/posts\/549","targetHints":{"allow":["GET"]}}],"collection":[{"href":"https:\/\/studiodagostini.com\/es\/wp-json\/wp\/v2\/posts"}],"about":[{"href":"https:\/\/studiodagostini.com\/es\/wp-json\/wp\/v2\/types\/post"}],"author":[{"embeddable":true,"href":"https:\/\/studiodagostini.com\/es\/wp-json\/wp\/v2\/users\/1"}],"replies":[{"embeddable":true,"href":"https:\/\/studiodagostini.com\/es\/wp-json\/wp\/v2\/comments?post=549"}],"version-history":[{"count":0,"href":"https:\/\/studiodagostini.com\/es\/wp-json\/wp\/v2\/posts\/549\/revisions"}],"wp:attachment":[{"href":"https:\/\/studiodagostini.com\/es\/wp-json\/wp\/v2\/media?parent=549"}],"wp:term":[{"taxonomy":"category","embeddable":true,"href":"https:\/\/studiodagostini.com\/es\/wp-json\/wp\/v2\/categories?post=549"},{"taxonomy":"post_tag","embeddable":true,"href":"https:\/\/studiodagostini.com\/es\/wp-json\/wp\/v2\/tags?post=549"}],"curies":[{"name":"wp","href":"https:\/\/api.w.org\/{rel}","templated":true}]}}