{"id":1337,"date":"2025-12-19T12:55:00","date_gmt":"2025-12-19T11:55:00","guid":{"rendered":"https:\/\/studiodagostini.com\/?p=1337"},"modified":"2025-12-19T14:02:54","modified_gmt":"2025-12-19T13:02:54","slug":"exencion-del-iva-para-las-asociaciones","status":"publish","type":"post","link":"https:\/\/studiodagostini.com\/es\/circulares\/2025\/12\/19\/exencion-del-iva-para-las-asociaciones\/","title":{"rendered":"Exenci\u00f3n del IVA para las asociaciones"},"content":{"rendered":"<p>Como complemento a la circular de 21 de octubre de 2025, informamos que el art\u00edculo 6 del Decreto Legislativo 186\/2025, publicado en el Bolet\u00edn Oficial del Estado el pasado viernes 12 de diciembre de 2025, pospone a <strong>1 de enero de 2036<\/strong> (en lugar del 1 de enero de 2026) la fecha a partir de la cual se aplicar\u00e1 el nuevo r\u00e9gimen de exenci\u00f3n del IVA (en lugar del r\u00e9gimen de exclusi\u00f3n) a las operaciones realizadas por las asociaciones, de conformidad con el art\u00edculo 5, p\u00e1rrafo 15-qu\u00e1ter, del Decreto-Ley 146\/2021.<\/p>\n<p><!--more--><\/p>\n<p>En consecuencia, sin perjuicio de modificaciones posteriores, <strong><u>las entregas de bienes y las prestaciones de servicios efectuadas a cambio de una contrapartida espec\u00edfica o de contribuciones adicionales<\/u><\/strong>, de acuerdo con sus fines institucionales, por asociaciones pol\u00edticas, sindicales, religiosas, asistenciales, culturales, deportivas de aficionados, de promoci\u00f3n social y de formaci\u00f3n personal extraescolar, <span style=\"text-decoration: underline;\"><strong>con respecto a los miembros, asociados, participantes y asociaciones<\/strong><\/span> que realicen la misma actividad y pertenezcan a una misma organizaci\u00f3n local o nacional, as\u00ed como sus miembros, asociados o participantes y los miembros de sus respectivas organizaciones nacionales, <strong><u>seguir\u00e1n benefici\u00e1ndose de la exclusi\u00f3n fiscal prevista en el apartado 4 del art\u00edculo 4 del Decreto Presidencial 633\/1972<\/u><\/strong>.<\/p>\n<p>Entidades que, por lo tanto, no disponen de n\u00famero de IVA hasta la fecha, ya que no realizan ninguna actividad comercial, <strong><u>no<\/u><\/strong> dejar\u00e1n de estar obligados a llevarlas a partir del 1 de enero de 2026 si s\u00f3lo realizan las operaciones mencionadas.<\/p>\n<p>&nbsp;<\/p>\n<p>Quedando a su disposici\u00f3n para cualquier duda o solicitud de aclaraci\u00f3n, aprovechamos la ocasi\u00f3n para saludarles muy atentamente.<\/p>","protected":false},"excerpt":{"rendered":"<p>Ad integrazione della circolare del 21 Ottobre 2025, segnaliamo che l\u2019art. 6 del D.Lgs. 186\/2025, pubblicato in Gazzetta Ufficiale lo scorso venerd\u00ec 12 Dicembre 2025, ha posticipato al 1\u00b0 Gennaio 2036 (rispetto al 1\u00b0 Gennaio 2026) il termine a decorrere dal quale trover\u00e0 applicazione il nuovo regime di esenzione IVA (in luogo di quello di [&hellip;]<\/p>\n","protected":false},"author":6,"featured_media":0,"comment_status":"closed","ping_status":"closed","sticky":false,"template":"","format":"standard","meta":{"_acf_changed":false,"footnotes":""},"categories":[18],"tags":[],"class_list":["post-1337","post","type-post","status-publish","format-standard","hentry","category-blog"],"acf":[],"_links":{"self":[{"href":"https:\/\/studiodagostini.com\/es\/wp-json\/wp\/v2\/posts\/1337","targetHints":{"allow":["GET"]}}],"collection":[{"href":"https:\/\/studiodagostini.com\/es\/wp-json\/wp\/v2\/posts"}],"about":[{"href":"https:\/\/studiodagostini.com\/es\/wp-json\/wp\/v2\/types\/post"}],"author":[{"embeddable":true,"href":"https:\/\/studiodagostini.com\/es\/wp-json\/wp\/v2\/users\/6"}],"replies":[{"embeddable":true,"href":"https:\/\/studiodagostini.com\/es\/wp-json\/wp\/v2\/comments?post=1337"}],"version-history":[{"count":1,"href":"https:\/\/studiodagostini.com\/es\/wp-json\/wp\/v2\/posts\/1337\/revisions"}],"predecessor-version":[{"id":1338,"href":"https:\/\/studiodagostini.com\/es\/wp-json\/wp\/v2\/posts\/1337\/revisions\/1338"}],"wp:attachment":[{"href":"https:\/\/studiodagostini.com\/es\/wp-json\/wp\/v2\/media?parent=1337"}],"wp:term":[{"taxonomy":"category","embeddable":true,"href":"https:\/\/studiodagostini.com\/es\/wp-json\/wp\/v2\/categories?post=1337"},{"taxonomy":"post_tag","embeddable":true,"href":"https:\/\/studiodagostini.com\/es\/wp-json\/wp\/v2\/tags?post=1337"}],"curies":[{"name":"wp","href":"https:\/\/api.w.org\/{rel}","templated":true}]}}