{"id":1310,"date":"2025-10-15T20:38:52","date_gmt":"2025-10-15T18:38:52","guid":{"rendered":"https:\/\/studiodagostini.com\/?p=1310"},"modified":"2025-10-22T20:47:02","modified_gmt":"2025-10-22T18:47:02","slug":"organismos-asociados-y-obligacion-de-registrarse-a-efectos-del-iva-a-partir-del-01-01-2026","status":"publish","type":"post","link":"https:\/\/studiodagostini.com\/es\/circulares\/2025\/10\/15\/organismos-asociados-y-obligacion-de-registrarse-a-efectos-del-iva-a-partir-del-01-01-2026\/","title":{"rendered":"Asociaciones - Obligaci\u00f3n de registrarse a efectos del IVA a partir del 01.01.2026"},"content":{"rendered":"<p>Seg\u00fan lo dispuesto en el art\u00edculo 3, apartado 10, del Decreto Ley 202\/2024 (el llamado Decreto Milleproroghe), se aplaz\u00f3 a <strong>1 de enero de 2026<\/strong> (en lugar del 1 de enero de 2025) la fecha a partir de la cual se aplica el nuevo r\u00e9gimen de exenci\u00f3n del IVA (en lugar del r\u00e9gimen de exclusi\u00f3n) a las operaciones realizadas por entidades asociativas en virtud del art\u00edculo 5, apartado 15-qu\u00e1ter, del Decreto-Ley 146\/2021.<\/p>\n<p><!--more--><\/p>\n<p>Les recordamos que, con el fin de homologar las normas nacionales con las de la Uni\u00f3n Europea, de conformidad con lo dispuesto en la Directiva 2006\/112\/CE, el art\u00edculo 5, apartado 15-qu\u00e1ter, del Decreto-Ley n\u00ba 146\/2021 modific\u00f3 los art\u00edculos 4 y 10 del Decreto Presidencial n\u00ba 633\/1972, por un lado suprimiendo los supuestos de exclusi\u00f3n del IVA previstos para determinadas operaciones de las asociaciones, y por otro lado previendo el r\u00e9gimen de exenci\u00f3n para la generalidad de dichas operaciones.<\/p>\n<p>En particular, <strong><u>las entregas de bienes y las prestaciones de servicios efectuadas a cambio de una contrapartida espec\u00edfica o de contribuciones adicionales<\/u><\/strong>, de acuerdo con sus fines institucionales, por las asociaciones pol\u00edticas, sindicales, profesionales, religiosas, ben\u00e9ficas, culturales, deportivas de aficionados, de promoci\u00f3n social y de formaci\u00f3n personal extraescolar, respecto de los miembros, asociados, afiliados con carn\u00e9, participantes y asociaciones que desarrollen la misma actividad y formen parte de una \u00fanica organizaci\u00f3n local o nacional, as\u00ed como sus respectivos miembros, asociados o participantes y afiliados con carn\u00e9 de las respectivas organizaciones nacionales, que actualmente se benefician de la exclusi\u00f3n del impuesto en virtud del art\u00edculo 4, apartado 4, del Decreto Presidencial 633\/1972, <strong><u>se incluir\u00e1n en el \u00e1mbito de aplicaci\u00f3n del impuesto<\/u><\/strong>.<\/p>\n<p>En la mayor\u00eda de los casos, las asociaciones seguir\u00e1n benefici\u00e1ndose de la exenci\u00f3n del IVA, pero el cambio de r\u00e9gimen supondr\u00e1 un aumento de las formalidades, ya que las operaciones exentas del IVA siguen estando sujetas a las obligaciones formales habituales del impuesto (facturaci\u00f3n, declaraci\u00f3n anual del IVA, etc.).<\/p>\n<p>En cualquier caso, con la desaparici\u00f3n del r\u00e9gimen de exclusi\u00f3n de las operaciones con asociados, <strong><u>el efecto para muchas asociaciones ser\u00e1 solicitar un n\u00famero de IVA<\/u><\/strong>, si no est\u00e1n actualmente en posesi\u00f3n del mismo.<\/p>\n<p>&nbsp;<\/p>\n<p>Quedando a su disposici\u00f3n para cualquier duda o solicitud de aclaraci\u00f3n, aprovechamos la ocasi\u00f3n para saludarles muy atentamente.<\/p>","protected":false},"excerpt":{"rendered":"<p>Secondo quanto previsto dall\u2019art. 3, comma 10, del D.L. 202\/2024 (c.d. Decreto Milleproroghe), \u00e8 stato rinviato al 1\u00b0 Gennaio 2026 (rispetto al 1\u00b0 Gennaio 2025) il termine a decorrere dal quale trova applicazione il nuovo regime di esenzione IVA (in luogo di quello di esclusione) per le operazioni realizzate dagli enti associativi di cui all\u2019articolo [&hellip;]<\/p>\n","protected":false},"author":6,"featured_media":0,"comment_status":"closed","ping_status":"closed","sticky":false,"template":"","format":"standard","meta":{"_acf_changed":false,"footnotes":""},"categories":[18],"tags":[],"class_list":["post-1310","post","type-post","status-publish","format-standard","hentry","category-blog"],"acf":[],"_links":{"self":[{"href":"https:\/\/studiodagostini.com\/es\/wp-json\/wp\/v2\/posts\/1310","targetHints":{"allow":["GET"]}}],"collection":[{"href":"https:\/\/studiodagostini.com\/es\/wp-json\/wp\/v2\/posts"}],"about":[{"href":"https:\/\/studiodagostini.com\/es\/wp-json\/wp\/v2\/types\/post"}],"author":[{"embeddable":true,"href":"https:\/\/studiodagostini.com\/es\/wp-json\/wp\/v2\/users\/6"}],"replies":[{"embeddable":true,"href":"https:\/\/studiodagostini.com\/es\/wp-json\/wp\/v2\/comments?post=1310"}],"version-history":[{"count":2,"href":"https:\/\/studiodagostini.com\/es\/wp-json\/wp\/v2\/posts\/1310\/revisions"}],"predecessor-version":[{"id":1312,"href":"https:\/\/studiodagostini.com\/es\/wp-json\/wp\/v2\/posts\/1310\/revisions\/1312"}],"wp:attachment":[{"href":"https:\/\/studiodagostini.com\/es\/wp-json\/wp\/v2\/media?parent=1310"}],"wp:term":[{"taxonomy":"category","embeddable":true,"href":"https:\/\/studiodagostini.com\/es\/wp-json\/wp\/v2\/categories?post=1310"},{"taxonomy":"post_tag","embeddable":true,"href":"https:\/\/studiodagostini.com\/es\/wp-json\/wp\/v2\/tags?post=1310"}],"curies":[{"name":"wp","href":"https:\/\/api.w.org\/{rel}","templated":true}]}}