{"id":1198,"date":"2025-05-27T07:20:00","date_gmt":"2025-05-27T05:20:00","guid":{"rendered":"https:\/\/studiodagostini.com\/?p=1198"},"modified":"2025-07-09T13:33:54","modified_gmt":"2025-07-09T11:33:54","slug":"maxi-deduccion-de-los-gastos-de-personal","status":"publish","type":"post","link":"https:\/\/studiodagostini.com\/es\/circulares\/2025\/05\/27\/maxi-deduccion-de-los-gastos-de-personal\/","title":{"rendered":"Reducci\u00f3n m\u00e1xima de los gastos de personal"},"content":{"rendered":"<p><\/p>\n\n\n\n<p><\/p>\n\n\n<p>Conforme a lo establecido en el art\u00edculo 4 del Decreto Legislativo n\u00ba 216\/2023, y ampliado por el art\u00edculo 1, p\u00e1rrafos 399-400, de la Ley n\u00ba 207\/2024, se prev\u00e9 un incremento del coste admitido como deducci\u00f3n por nuevas contrataciones de personal para los per\u00edodos impositivos 2024, 2025, 2026 y 2027.<\/p>\n<p><!--more--><\/p>\n<p>En particular, para los titulares de rentas empresariales y para quienes se dediquen a las artes y profesiones liberales que realicen nuevas contrataciones de empleados fijos, se reconoce un recargo fiscal 20% sobre los costes laborales a efectos del IRES\/IRPEF; para beneficiarse de la deducci\u00f3n, deben cumplirse las dos condiciones siguientes<\/p>\n<ul>\n<li><strong><u>aumento del empleo al final del per\u00edodo impositivo<\/u><\/strong>es decir, el n\u00famero de empleados fijos al final del ejercicio debe superar la media de empleados fijos al final del ejercicio anterior;<\/li>\n<li><strong><u>aumento total del empleo al final del periodo impositivo<\/u><\/strong>es decir, el n\u00famero total de empleados, incluidos los que tienen contratos de duraci\u00f3n determinada, al final del ejercicio debe superar la media del n\u00famero total de empleados al final del ejercicio anterior.<\/li>\n<\/ul>\n<p>La determinaci\u00f3n del recargo de equivalencia del impuesto 20% se calcular\u00e1 sobre el importe menor entre:<\/p>\n<ul>\n<li>el coste real de las nuevas contrataciones permanentes;<\/li>\n<li>el aumento de los costes totales de personal en comparaci\u00f3n con el periodo anterior.<\/li>\n<\/ul>\n<p>Adem\u00e1s de los nuevos contratos de trabajo indefinidos, tambi\u00e9n se consideran las conversiones de contratos de duraci\u00f3n determinada en indefinidos a partir de la fecha de la conversi\u00f3n del contrato. Por \u00faltimo, la letra b) del apartado 400 del art\u00edculo 1 de la citada Ley de Presupuestos para 2025 establece que, para la determinaci\u00f3n de los pagos a cuenta devengados en el per\u00edodo impositivo siguiente, no se tendr\u00e1 en cuenta este incremento del coste de personal admitido como deducci\u00f3n.<\/p>\n<p>Quedando a su disposici\u00f3n para cualquier duda o solicitud de aclaraci\u00f3n, aprovechamos la ocasi\u00f3n para saludarles muy atentamente.<\/p>\n\n\n<p><\/p>\n\n\n\n<p><\/p>","protected":false},"excerpt":{"rendered":"<p>Conforme a lo establecido en el art\u00edculo 4 del Decreto Legislativo n\u00ba 216\/2023, y ampliado por el art\u00edculo 1, p\u00e1rrafos 399-400, de la Ley n\u00ba 207\/2024, se prev\u00e9 un incremento del coste admitido como deducci\u00f3n por nuevas contrataciones de personal para los per\u00edodos impositivos 2024, 2025, 2026 y 2027.<\/p>","protected":false},"author":6,"featured_media":0,"comment_status":"closed","ping_status":"closed","sticky":false,"template":"","format":"standard","meta":{"_acf_changed":false,"footnotes":""},"categories":[18],"tags":[],"class_list":["post-1198","post","type-post","status-publish","format-standard","hentry","category-blog"],"acf":[],"_links":{"self":[{"href":"https:\/\/studiodagostini.com\/es\/wp-json\/wp\/v2\/posts\/1198","targetHints":{"allow":["GET"]}}],"collection":[{"href":"https:\/\/studiodagostini.com\/es\/wp-json\/wp\/v2\/posts"}],"about":[{"href":"https:\/\/studiodagostini.com\/es\/wp-json\/wp\/v2\/types\/post"}],"author":[{"embeddable":true,"href":"https:\/\/studiodagostini.com\/es\/wp-json\/wp\/v2\/users\/6"}],"replies":[{"embeddable":true,"href":"https:\/\/studiodagostini.com\/es\/wp-json\/wp\/v2\/comments?post=1198"}],"version-history":[{"count":7,"href":"https:\/\/studiodagostini.com\/es\/wp-json\/wp\/v2\/posts\/1198\/revisions"}],"predecessor-version":[{"id":1209,"href":"https:\/\/studiodagostini.com\/es\/wp-json\/wp\/v2\/posts\/1198\/revisions\/1209"}],"wp:attachment":[{"href":"https:\/\/studiodagostini.com\/es\/wp-json\/wp\/v2\/media?parent=1198"}],"wp:term":[{"taxonomy":"category","embeddable":true,"href":"https:\/\/studiodagostini.com\/es\/wp-json\/wp\/v2\/categories?post=1198"},{"taxonomy":"post_tag","embeddable":true,"href":"https:\/\/studiodagostini.com\/es\/wp-json\/wp\/v2\/tags?post=1198"}],"curies":[{"name":"wp","href":"https:\/\/api.w.org\/{rel}","templated":true}]}}