{"id":566,"date":"2025-03-17T18:39:14","date_gmt":"2025-03-17T17:39:14","guid":{"rendered":"https:\/\/intelligent-shannon.217-28-65-195.plesk.page\/2025\/03\/17\/obbligo-pec-personale-amministratori-societa\/"},"modified":"2025-03-17T18:39:14","modified_gmt":"2025-03-17T17:39:14","slug":"personliche-pek-pflicht-von-unternehmensleitern","status":"publish","type":"post","link":"https:\/\/studiodagostini.com\/de\/rundschreiben\/2025\/03\/17\/personliche-pek-pflicht-von-unternehmensleitern\/","title":{"rendered":"Pers\u00f6nliche PEC-Verpflichtung f\u00fcr Unternehmensleiter"},"content":{"rendered":"<p>Wir m\u00f6chten Sie dar\u00fcber informieren, dass das Ministerium f\u00fcr Unternehmen und Made in Italy am 12. M\u00e4rz in seinem Vermerk Nr. 43836 klargestellt hat, dass Artikel 1, Absatz 860 des Gesetzes Nr. 207\/2024 (Haushaltsgesetz 2025), der die Ausweitung der Verpflichtung f\u00fcr Gesch\u00e4ftsf\u00fchrer von Kapitalgesellschaften betrifft, sich mit einem pers\u00f6nlichen PEC auszustatten, der dem Unternehmensregister mitzuteilen ist, <strong><span style=\"text-decoration: underline;\">gilt auch f\u00fcr Unternehmen, die vor dem 01.01.2025 als Unternehmen gegr\u00fcndet wurden<\/span><\/strong>im Gegensatz zu den urspr\u00fcnglichen Auslegungen einiger Handelskammern.<\/p>\n<p><!--more--><\/p>\n<p>Die Verpflichtung gilt f\u00fcr alle Arten von Unternehmen, mit Ausnahme bestimmter Sonderf\u00e4lle.<br \/>Dementsprechend, <strong><span style=\"text-decoration: underline;\">f\u00fcr alle Unternehmen in Gesellschaftsform<\/span><\/strong>unabh\u00e4ngig vom Zeitpunkt ihrer Gr\u00fcndung, <strong>t<span style=\"text-decoration: underline;\">alle Direktoren und Liquidatoren m\u00fcssen \u00fcber einen eigenen pers\u00f6nlichen PEC verf\u00fcgen<\/span><\/strong> und muss dies dem Unternehmensregister mitteilen <strong><span style=\"text-decoration: underline;\">bis zum n\u00e4chsten 30. Juni<\/span><\/strong>.<\/p>\n<p>Wir weisen darauf hin, dass die Handelskammern auch vor Ablauf dieser Frist die \u00fcbermittelten Unterlagen aussetzen k\u00f6nnen, wenn dieser Mangel festgestellt wird; wir fordern daher alle Kunden auf, diese Mitteilung rechtzeitig vorzunehmen, um m\u00f6gliche Verz\u00f6gerungen bei der Bearbeitung der Unterlagen durch die Handelskammern zu vermeiden und\/oder um keine Strafen f\u00fcr eine versp\u00e4tete Mitteilung zu riskieren<\/p>\n<p>Bei dieser Gelegenheit m\u00f6chten wir Ihnen unsere besten Gr\u00fc\u00dfe ausrichten und stehen Ihnen f\u00fcr eventuelle Zweifel oder Kl\u00e4rungsanfragen gerne zur Verf\u00fcgung.<\/p>","protected":false},"excerpt":{"rendered":"<p>Informiamo che lo scorso 12 Marzo il Ministero delle Imprese e del Made in Italy, con la nota n. 43836, ha chiarito che l\u2019art. 1, comma 860, della Legge n. 207\/2024 (Legge di Bilancio 2025), riguardante l\u2019estensione dell\u2019obbligo per gli amministratori di imprese costituite in forma societaria di dotarsi di una PEC personale da comunicare [&hellip;]<\/p>\n","protected":false},"author":1,"featured_media":0,"comment_status":"closed","ping_status":"closed","sticky":false,"template":"","format":"standard","meta":{"_acf_changed":false,"footnotes":""},"categories":[18],"tags":[],"class_list":["post-566","post","type-post","status-publish","format-standard","hentry","category-blog"],"acf":[],"_links":{"self":[{"href":"https:\/\/studiodagostini.com\/de\/wp-json\/wp\/v2\/posts\/566","targetHints":{"allow":["GET"]}}],"collection":[{"href":"https:\/\/studiodagostini.com\/de\/wp-json\/wp\/v2\/posts"}],"about":[{"href":"https:\/\/studiodagostini.com\/de\/wp-json\/wp\/v2\/types\/post"}],"author":[{"embeddable":true,"href":"https:\/\/studiodagostini.com\/de\/wp-json\/wp\/v2\/users\/1"}],"replies":[{"embeddable":true,"href":"https:\/\/studiodagostini.com\/de\/wp-json\/wp\/v2\/comments?post=566"}],"version-history":[{"count":0,"href":"https:\/\/studiodagostini.com\/de\/wp-json\/wp\/v2\/posts\/566\/revisions"}],"wp:attachment":[{"href":"https:\/\/studiodagostini.com\/de\/wp-json\/wp\/v2\/media?parent=566"}],"wp:term":[{"taxonomy":"category","embeddable":true,"href":"https:\/\/studiodagostini.com\/de\/wp-json\/wp\/v2\/categories?post=566"},{"taxonomy":"post_tag","embeddable":true,"href":"https:\/\/studiodagostini.com\/de\/wp-json\/wp\/v2\/tags?post=566"}],"curies":[{"name":"wp","href":"https:\/\/api.w.org\/{rel}","templated":true}]}}