{"id":551,"date":"2024-11-18T14:52:33","date_gmt":"2024-11-18T13:52:33","guid":{"rendered":"https:\/\/intelligent-shannon.217-28-65-195.plesk.page\/2024\/11\/18\/proroga-termine-aderire-concordato-preventivo-biennale-cpb\/"},"modified":"2024-11-18T14:52:33","modified_gmt":"2024-11-18T13:52:33","slug":"verlangerung-der-frist-fur-den-beitritt-zur-zweijahrigen-kompositionsvereinbarung-cpb","status":"publish","type":"post","link":"https:\/\/studiodagostini.com\/de\/rundschreiben\/2024\/11\/18\/verlangerung-der-frist-fur-den-beitritt-zur-zweijahrigen-kompositionsvereinbarung-cpb\/","title":{"rendered":"Verl\u00e4ngerung der Frist f\u00fcr den Beitritt zum alle zwei Jahre stattfindenden Pr\u00e4ventivkonkordat (CPB)"},"content":{"rendered":"<p>Art. 1 des Gesetzesdekrets Nr. 167 vom 14.11.2024 sieht die Wiederer\u00f6ffnung der Fristen f\u00fcr den Beitritt zur zweij\u00e4hrlichen Pr\u00e4ventivregelung f\u00fcr alle ISA-Subjekte vor (betrifft also nicht die pauschalen Subjekte und die von der ISA ausgeschlossenen Subjekte, einschlie\u00dflich derjenigen, deren Einnahmen im Jahr 2023 5.164.569 \u20ac oder mehr betragen), die ihre Steuererkl\u00e4rungen bis zum 31.10.2024 eingereicht haben und die, obwohl sie dazu berechtigt sind, nicht der CPB beigetreten sind.<\/p>\n<p><!--more--><\/p>\n<p>Die neue Frist f\u00fcr den Beitritt ist <strong>12.12.2024<\/strong> und f\u00fcr den Zugang zu dem neuen Institut ist es erforderlich, dass die zus\u00e4tzlich einzureichende Erkl\u00e4rung weder das zu versteuernde Einkommen oder die Steuerschuld mindert noch das Guthaben im Vergleich zur urspr\u00fcnglichen Erkl\u00e4rung erh\u00f6ht.<\/p>\n<p><strong>&nbsp;<\/strong><\/p>\n<p><strong>WAS IST DIE ZWEIJ\u00c4HRIGE VERGLEICHSVEREINBARUNG?<\/strong><\/p>\n<p>Wie bereits in fr\u00fcheren Rundschreiben zu diesem Thema mitgeteilt, handelt es sich bei dem CPB um einen Vorschlag der Agentur f\u00fcr Einnahmen zur Festlegung <strong>im Voraus und als Pauschalbetrag<\/strong> Steuern f\u00fcr die Jahre 2024-2025, <strong>unabh\u00e4ngig vom tats\u00e4chlich erzielten Einkommen<\/strong>.<\/p>\n<p>Mit der oben erw\u00e4hnten Wiederer\u00f6ffnung der Fristen k\u00f6nnen Steuerpflichtige, die verpflichtet sind, ISAs zu beantragen, bei denen die im CPB-Dekret festgelegten Ablehnungsbedingungen nicht erf\u00fcllt sind, dem CPB beitreten, und zwar insbesondere Steuerpflichtige, die<\/p>\n<ul>\n<li data-mce-word-list=\"1\">zum 31.12.2023 endg\u00fcltig veranlagte Steuer- und Sozialversicherungsschulden in H\u00f6he von mehr als 5.000,00 EUR haben, es sei denn, sie sind vor dem Beitritt unter diesen Schwellenwert gesenkt oder in Raten gezahlt worden;<\/li>\n<li data-mce-word-list=\"1\">f\u00fcr mindestens einen der drei Steuerzeitr\u00e4ume, die dem Zeitraum vorausgehen, in dem die Regelung gilt, keine Steuererkl\u00e4rung abgegeben haben, sofern eine solche Pflicht besteht;<\/li>\n<li data-mce-word-list=\"1\">die in den letzten drei Steuerjahren vor dem Geltungszeitraum der Regelung wegen einer Straftat im Sinne des Gesetzesdekrets Nr. 74\/2000, des Artikels 2621 des Zivilgesetzbuchs sowie der Artikel 648-bis, 648-ter und 648-ter 1 des Strafgesetzbuchs (falsche Buchf\u00fchrung, falsche Unternehmensmitteilungen, Geldw\u00e4sche\/Selbstw\u00e4sche, Strafverteidigung mit zwei Jahren Haft) verurteilt wurden;<\/li>\n<li data-mce-word-list=\"1\">steuerfreie, ausgeschlossene oder nicht konkurrierende Eink\u00fcnfte erzielt haben, die mehr als 40 % ihrer Eink\u00fcnfte aus Gewerbe, Kunst oder Beruf betragen;<\/li>\n<li data-mce-word-list=\"1\">im Jahr 2024 Fusionen, Spaltungen, Einbringungen oder \u00c4nderungen der Beteiligungsstruktur (ausgenommen reine Aktienspaltungen) vorgenommen haben;<\/li>\n<li data-mce-word-list=\"1\">ihre Steuererkl\u00e4rung f\u00fcr das Jahr 2023 nicht bis zum 31.10.2024 eingereicht haben.<\/li>\n<\/ul>\n<p>In Bezug auf die ISA-Parteien, die die Vereinbarung getroffen haben, wird bei der Veranlagung f\u00fcr Steuerzeitr\u00e4ume, die der CPB unterliegen, nicht von analytisch-induktiven Rekonstruktionen ausgegangen.<strong> <br \/><\/strong><\/p>\n<p><strong>STEUERSCHILD F\u00dcR DIE JAHRE 2018-2022<\/strong><\/p>\n<p>Mit der Umwandlung des Gesetzesdekrets 113\/2024 (Omnibusdekret) in ein Gesetz am 9. Oktober 2024 wurde auch die M\u00f6glichkeit eingef\u00fchrt, dass <strong>Definition und erleichterte Regularisierung von nicht deklariertem Einkommen f\u00fcr die Steuerzeitr\u00e4ume zwischen 2018 und 2022<\/strong> von ISA-Personen, die der CPB f\u00fcr 2024-2025 beitreten, durch Zahlung einer Ersatzsteuer auf die Einkommensteuer, die damit verbundenen Zuschl\u00e4ge und die IRAP auf das h\u00f6here Einkommen, das auf der Grundlage ihres ISA-Scores ermittelt wird (weitere Einzelheiten siehe Rundschreiben vom 16.10.2024).<\/p>\n<p>Ich m\u00f6chte jedoch alle darauf hinweisen, dass der Beitritt zur zweij\u00e4hrlichen Pr\u00e4ventivregelung f\u00fcr ISA-Subjekte die Verl\u00e4ngerung der Fristen f\u00fcr Steuerveranlagungen, die am 31.12.2024 abgelaufen w\u00e4ren, bis zum 31.12.2025 zur Folge hat; au\u00dferdem w\u00fcrden f\u00fcr ISA-Subjekte, die auch die Sonderamnestie f\u00fcr ein oder mehrere Jahre zwischen 2018 und 2021 in Anspruch nehmen, die Fristen f\u00fcr Veranlagungen alle bis zum 31.12.2027 verl\u00e4ngert.<\/p>\n<p>Bei dieser Gelegenheit m\u00f6chten wir Ihnen unsere besten Gr\u00fc\u00dfe ausrichten und stehen Ihnen f\u00fcr eventuelle Zweifel oder Kl\u00e4rungsanfragen gerne zur Verf\u00fcgung.<\/p>","protected":false},"excerpt":{"rendered":"<p>L\u2019art. 1 del D.L. n. 167 del 14\/11\/2024 ha previsto la riapertura dei termini per aderire al Concordato Preventivo Biennale per tutti i soggetti ISA (non riguarda, quindi, i soggetti forfetari ed i soggetti esclusi ISA, tra cui quelli con ricavi di ammontare pari o superiori nel 2023 ad euro 5.164.569), che hanno presentato la [&hellip;]<\/p>\n","protected":false},"author":1,"featured_media":0,"comment_status":"closed","ping_status":"closed","sticky":false,"template":"","format":"standard","meta":{"_acf_changed":false,"footnotes":""},"categories":[18],"tags":[],"class_list":["post-551","post","type-post","status-publish","format-standard","hentry","category-blog"],"acf":[],"_links":{"self":[{"href":"https:\/\/studiodagostini.com\/de\/wp-json\/wp\/v2\/posts\/551","targetHints":{"allow":["GET"]}}],"collection":[{"href":"https:\/\/studiodagostini.com\/de\/wp-json\/wp\/v2\/posts"}],"about":[{"href":"https:\/\/studiodagostini.com\/de\/wp-json\/wp\/v2\/types\/post"}],"author":[{"embeddable":true,"href":"https:\/\/studiodagostini.com\/de\/wp-json\/wp\/v2\/users\/1"}],"replies":[{"embeddable":true,"href":"https:\/\/studiodagostini.com\/de\/wp-json\/wp\/v2\/comments?post=551"}],"version-history":[{"count":0,"href":"https:\/\/studiodagostini.com\/de\/wp-json\/wp\/v2\/posts\/551\/revisions"}],"wp:attachment":[{"href":"https:\/\/studiodagostini.com\/de\/wp-json\/wp\/v2\/media?parent=551"}],"wp:term":[{"taxonomy":"category","embeddable":true,"href":"https:\/\/studiodagostini.com\/de\/wp-json\/wp\/v2\/categories?post=551"},{"taxonomy":"post_tag","embeddable":true,"href":"https:\/\/studiodagostini.com\/de\/wp-json\/wp\/v2\/tags?post=551"}],"curies":[{"name":"wp","href":"https:\/\/api.w.org\/{rel}","templated":true}]}}