{"id":549,"date":"2024-10-16T10:16:13","date_gmt":"2024-10-16T08:16:13","guid":{"rendered":"https:\/\/intelligent-shannon.217-28-65-195.plesk.page\/2024\/10\/16\/concordato-preventivo-biennale-cpb-definizione-agevolata-esercizi-2018-2022\/"},"modified":"2024-10-16T10:16:13","modified_gmt":"2024-10-16T08:16:13","slug":"zweijahrige-kompositionsvereinbarung-cpb-erleichterte-definition-haushaltsjahre-2018-2022","status":"publish","type":"post","link":"https:\/\/studiodagostini.com\/de\/rundschreiben\/2024\/10\/16\/zweijahrige-kompositionsvereinbarung-cpb-erleichterte-definition-haushaltsjahre-2018-2022\/","title":{"rendered":"Zweij\u00e4hriges Pr\u00e4ventivabkommen (CPB) - Erleichterte Abwicklung f\u00fcr die Haushaltsjahre 2018 bis 2022"},"content":{"rendered":"<p>In Bezug auf die im vorangegangenen Rundschreiben erl\u00e4uterte zweij\u00e4hrliche Pr\u00e4ventivregelung (CPB) m\u00f6chten wir darauf hinweisen, dass mit der Umsetzung des D.L. 113\/2024 (Omnibus-Dekret), das am 9. Oktober 2024 in Kraft getreten ist, auch die M\u00f6glichkeit eingef\u00fchrt wurde, die in den Steuerzeitr\u00e4umen zwischen 2018 und 2022 nicht erkl\u00e4rten Eink\u00fcnfte der ISA-Subjekte (daher sind die Pauschalsubjekte ausgeschlossen), die der CPB f\u00fcr die Jahre 2024-2025 unterliegen werden, auf erleichterter Basis zu definieren und zu regularisieren, indem sie eine Ersatzsteuer in H\u00f6he der Einkommenssteuer, der damit verbundenen Zuschl\u00e4ge und der IRAP auf die h\u00f6heren Eink\u00fcnfte zahlen, die nach ihrem ISA-Score bestimmt werden.<\/p>\n<p><!--more--><\/p>\n<p>Die Steuerbemessungsgrundlage f\u00fcr die Ersatzsteuer auf die Einkommensteuer und die damit zusammenh\u00e4ngenden Zuschl\u00e4ge ergibt sich pauschal aus der Differenz zwischen den in jedem Jahr bereits erkl\u00e4rten Eink\u00fcnften aus Gewerbebetrieb oder selbst\u00e4ndiger T\u00e4tigkeit und dem Wert dieser Eink\u00fcnfte, der um einen Betrag von<\/p>\n<ol>\n<li data-mce-word-list=\"1\">5% f\u00fcr Personen mit einem ISA-Wert von 10;<\/li>\n<li data-mce-word-list=\"1\">10% f\u00fcr Personen mit einem ISA-Wert von 8 oder mehr und weniger als 10;<\/li>\n<li data-mce-word-list=\"1\">20% f\u00fcr Personen mit einem ISA-Wert von 6 oder mehr und weniger als 8;<\/li>\n<li data-mce-word-list=\"1\">30% f\u00fcr Personen mit einem ISA-Wert von 4 oder mehr und weniger als 6;<\/li>\n<li data-mce-word-list=\"1\">40% f\u00fcr Personen mit einem ISA-Wert von 3 oder mehr und weniger als 4;<\/li>\n<li data-mce-word-list=\"1\">50% f\u00fcr Personen mit ISA-Werten unter 3;<\/li>\n<\/ol>\n<p>w\u00e4hrend die Steuerbemessungsgrundlage f\u00fcr die IRAP-Ersatzsteuer die Differenz zwischen dem Wert der in jedem Jahr bereits gemeldeten Nettoproduktion und dem Wert derselben, erh\u00f6ht um den oben genannten Betrag, ist.<\/p>\n<p>Nachdem die erh\u00f6hte Bemessungsgrundlage auf die angegebene Weise berechnet wurde, wird die Ersatzsteuer auf die Einkommensteuer und die damit verbundenen Zuschl\u00e4ge in H\u00f6he von:<\/p>\n<ol>\n<li data-mce-word-list=\"1\">10%, wenn die ISA-Note im gleichen Steuerzeitraum 8 oder mehr betr\u00e4gt;<\/li>\n<li data-mce-word-list=\"1\">12%, wenn im jeweiligen Steuerzeitraum die ISA-Note 6 oder mehr, aber weniger als 8 betr\u00e4gt;<\/li>\n<li data-mce-word-list=\"1\">15%, wenn die ISA-G\u00fcteklasse in einem Steuerzeitraum weniger als 6 betr\u00e4gt;<\/li>\n<\/ol>\n<p>w\u00e4hrend die Ersatzsteuer f\u00fcr die IRAP 3,9% betr\u00e4gt.<\/p>\n<p>Wir m\u00f6chten jedoch alle darauf hinweisen, dass der Beitritt zur zweij\u00e4hrigen Pr\u00e4ventivregelung f\u00fcr ISA-Subjekte die Verl\u00e4ngerung der Fristen f\u00fcr Steuerveranlagungen, die am 31.12.2024 abgelaufen w\u00e4ren, bis zum 31.12.2025 mit sich bringt; dar\u00fcber hinaus w\u00fcrden f\u00fcr ISA-Subjekte, die auch die Sonderamnestie f\u00fcr ein oder mehrere Jahre zwischen 2018 und 2021 in Anspruch nehmen, die Fristen f\u00fcr Veranlagungen alle bis zum 31.12.2027 verl\u00e4ngert werden.<\/p>\n<p>Bei dieser Gelegenheit m\u00f6chten wir Ihnen unsere besten Gr\u00fc\u00dfe ausrichten und stehen Ihnen f\u00fcr eventuelle Zweifel oder Kl\u00e4rungsanfragen gerne zur Verf\u00fcgung.<\/p>","protected":false},"excerpt":{"rendered":"<p>Relativamente al Concordato Preventivo Biennale (CPB) illustrato nella precedente circolare, segnaliamo che, in sede di conversione in Legge del D.L. 113\/2024 (Decreto Omnibus), avvenuta il 9 Ottobre 2024, \u00e8 stata introdotta anche la possibilit\u00e0 di definire e di regolarizzare in misura agevolata i redditi non dichiarati nei periodi d&#8217;imposta compresi tra il 2018 ed il [&hellip;]<\/p>\n","protected":false},"author":1,"featured_media":0,"comment_status":"closed","ping_status":"closed","sticky":false,"template":"","format":"standard","meta":{"_acf_changed":false,"footnotes":""},"categories":[18],"tags":[],"class_list":["post-549","post","type-post","status-publish","format-standard","hentry","category-blog"],"acf":[],"_links":{"self":[{"href":"https:\/\/studiodagostini.com\/de\/wp-json\/wp\/v2\/posts\/549","targetHints":{"allow":["GET"]}}],"collection":[{"href":"https:\/\/studiodagostini.com\/de\/wp-json\/wp\/v2\/posts"}],"about":[{"href":"https:\/\/studiodagostini.com\/de\/wp-json\/wp\/v2\/types\/post"}],"author":[{"embeddable":true,"href":"https:\/\/studiodagostini.com\/de\/wp-json\/wp\/v2\/users\/1"}],"replies":[{"embeddable":true,"href":"https:\/\/studiodagostini.com\/de\/wp-json\/wp\/v2\/comments?post=549"}],"version-history":[{"count":0,"href":"https:\/\/studiodagostini.com\/de\/wp-json\/wp\/v2\/posts\/549\/revisions"}],"wp:attachment":[{"href":"https:\/\/studiodagostini.com\/de\/wp-json\/wp\/v2\/media?parent=549"}],"wp:term":[{"taxonomy":"category","embeddable":true,"href":"https:\/\/studiodagostini.com\/de\/wp-json\/wp\/v2\/categories?post=549"},{"taxonomy":"post_tag","embeddable":true,"href":"https:\/\/studiodagostini.com\/de\/wp-json\/wp\/v2\/tags?post=549"}],"curies":[{"name":"wp","href":"https:\/\/api.w.org\/{rel}","templated":true}]}}