{"id":1337,"date":"2025-12-19T12:55:00","date_gmt":"2025-12-19T11:55:00","guid":{"rendered":"https:\/\/studiodagostini.com\/?p=1337"},"modified":"2025-12-19T14:02:54","modified_gmt":"2025-12-19T13:02:54","slug":"mehrwertsteuerbefreiung-fur-verbande","status":"publish","type":"post","link":"https:\/\/studiodagostini.com\/de\/rundschreiben\/2025\/12\/19\/mehrwertsteuerbefreiung-fur-verbande\/","title":{"rendered":"Mehrwertsteuerbefreiung f\u00fcr Vereinigungen"},"content":{"rendered":"<p>In Erg\u00e4nzung des Rundschreibens vom 21. Oktober 2025 teilen wir mit, dass mit Artikel 6 des Gesetzesdekrets 186\/2025, das am vergangenen Freitag, den 12. Dezember 2025, im Amtsblatt ver\u00f6ffentlicht wurde, die Frist f\u00fcr die Einreichung der Antr\u00e4ge auf <strong>1. Januar 2036<\/strong> (im Gegensatz zum 1. Januar 2026) das Datum, ab dem die neue Regelung der Mehrwertsteuerbefreiung (anstelle der Ausschlussregelung) f\u00fcr die von Vereinigungen get\u00e4tigten Ums\u00e4tze gem\u00e4\u00df Artikel 5, Absatz 15-quater des Gesetzesdekrets 146\/2021 gilt.<\/p>\n<p><!--more--><\/p>\n<p>Vorbehaltlich sp\u00e4terer \u00c4nderungen, <strong><u>Lieferungen von Gegenst\u00e4nden und Dienstleistungen, die gegen eine besondere Gegenleistung oder zus\u00e4tzliche Beitr\u00e4ge erbracht werden<\/u><\/strong>, im Einklang mit ihren institutionellen Zielen von politischen, gewerkschaftlichen, religi\u00f6sen, sozialen, kulturellen, sportlichen, sozialen und au\u00dferschulischen Vereinigungen zur pers\u00f6nlichen Weiterbildung, <span style=\"text-decoration: underline;\"><strong>in Bezug auf Mitglieder, assoziierte Mitglieder, Teilnehmer und Verb\u00e4nde<\/strong><\/span> die dieselbe T\u00e4tigkeit aus\u00fcben und einer einzigen lokalen oder nationalen Organisation angeh\u00f6ren, sowie deren Mitglieder, Partner oder Teilnehmer und Mitglieder ihrer jeweiligen nationalen Organisationen, <strong><u>weiterhin in den Genuss der Steuerbefreiung gem\u00e4\u00df Artikel 4 Absatz 4 des Pr\u00e4sidialerlasses 633\/1972 kommen werden<\/u><\/strong>.<\/p>\n<p>Einrichtungen, die bisher keine Umsatzsteuer-Identifikationsnummer haben, da sie keine gewerbliche T\u00e4tigkeit aus\u00fcben, <strong><u>nicht<\/u><\/strong> sind ab dem 1. Januar 2026 nicht mehr verpflichtet, diese zu tragen, wenn sie nur die oben genannten Transaktionen durchf\u00fchren.<\/p>\n<p>&nbsp;<\/p>\n<p>Bei dieser Gelegenheit m\u00f6chten wir Ihnen unsere besten Gr\u00fc\u00dfe ausrichten und stehen Ihnen f\u00fcr eventuelle Zweifel oder Kl\u00e4rungsanfragen gerne zur Verf\u00fcgung.<\/p>","protected":false},"excerpt":{"rendered":"<p>Ad integrazione della circolare del 21 Ottobre 2025, segnaliamo che l\u2019art. 6 del D.Lgs. 186\/2025, pubblicato in Gazzetta Ufficiale lo scorso venerd\u00ec 12 Dicembre 2025, ha posticipato al 1\u00b0 Gennaio 2036 (rispetto al 1\u00b0 Gennaio 2026) il termine a decorrere dal quale trover\u00e0 applicazione il nuovo regime di esenzione IVA (in luogo di quello di [&hellip;]<\/p>\n","protected":false},"author":6,"featured_media":0,"comment_status":"closed","ping_status":"closed","sticky":false,"template":"","format":"standard","meta":{"_acf_changed":false,"footnotes":""},"categories":[18],"tags":[],"class_list":["post-1337","post","type-post","status-publish","format-standard","hentry","category-blog"],"acf":[],"_links":{"self":[{"href":"https:\/\/studiodagostini.com\/de\/wp-json\/wp\/v2\/posts\/1337","targetHints":{"allow":["GET"]}}],"collection":[{"href":"https:\/\/studiodagostini.com\/de\/wp-json\/wp\/v2\/posts"}],"about":[{"href":"https:\/\/studiodagostini.com\/de\/wp-json\/wp\/v2\/types\/post"}],"author":[{"embeddable":true,"href":"https:\/\/studiodagostini.com\/de\/wp-json\/wp\/v2\/users\/6"}],"replies":[{"embeddable":true,"href":"https:\/\/studiodagostini.com\/de\/wp-json\/wp\/v2\/comments?post=1337"}],"version-history":[{"count":1,"href":"https:\/\/studiodagostini.com\/de\/wp-json\/wp\/v2\/posts\/1337\/revisions"}],"predecessor-version":[{"id":1338,"href":"https:\/\/studiodagostini.com\/de\/wp-json\/wp\/v2\/posts\/1337\/revisions\/1338"}],"wp:attachment":[{"href":"https:\/\/studiodagostini.com\/de\/wp-json\/wp\/v2\/media?parent=1337"}],"wp:term":[{"taxonomy":"category","embeddable":true,"href":"https:\/\/studiodagostini.com\/de\/wp-json\/wp\/v2\/categories?post=1337"},{"taxonomy":"post_tag","embeddable":true,"href":"https:\/\/studiodagostini.com\/de\/wp-json\/wp\/v2\/tags?post=1337"}],"curies":[{"name":"wp","href":"https:\/\/api.w.org\/{rel}","templated":true}]}}