{"id":1310,"date":"2025-10-15T20:38:52","date_gmt":"2025-10-15T18:38:52","guid":{"rendered":"https:\/\/studiodagostini.com\/?p=1310"},"modified":"2025-10-22T20:47:02","modified_gmt":"2025-10-22T18:47:02","slug":"verbundene-einrichtungen-und-die-verpflichtung-zur-registrierung-fur-die-mehrwertsteuer-ab-dem-01-01-2026","status":"publish","type":"post","link":"https:\/\/studiodagostini.com\/de\/rundschreiben\/2025\/10\/15\/verbundene-einrichtungen-und-die-verpflichtung-zur-registrierung-fur-die-mehrwertsteuer-ab-dem-01-01-2026\/","title":{"rendered":"Vereine - Pflicht zur Registrierung f\u00fcr die Mehrwertsteuer ab dem 01.01.2026"},"content":{"rendered":"<p>Gem\u00e4\u00df den Bestimmungen von Artikel 3, Absatz 10 des Gesetzesdekrets 202\/2024 (das so genannte Decreto Milleproroghe), wurde es auf folgende Zeit verschoben <strong>1. Januar 2026<\/strong> (im Gegensatz zum 1. Januar 2025) das Datum, ab dem die neue Regelung der Mehrwertsteuerbefreiung (anstelle der Ausschlussregelung) f\u00fcr Ums\u00e4tze gilt, die von den in Artikel 5, Absatz 15-quater, des Gesetzesdekrets 146\/2021 genannten assoziativen Einrichtungen get\u00e4tigt werden.<\/p>\n<p><!--more--><\/p>\n<p>Wir erinnern daran, dass zur Vereinheitlichung der nationalen Vorschriften mit denen der Europ\u00e4ischen Union gem\u00e4\u00df den Bestimmungen der Richtlinie 2006\/112\/EG Artikel 5, Absatz 15-quater des Gesetzesdekrets Nr. 146\/2021 die Artikel 4 und 10 des Pr\u00e4sidialdekrets Nr. 633\/1972 ge\u00e4ndert hat, indem einerseits die f\u00fcr bestimmte Ums\u00e4tze von Vereinen vorgesehenen F\u00e4lle des Ausschlusses von der Mehrwertsteuer abgeschafft wurden und andererseits die Befreiungsregelung f\u00fcr die Gesamtheit dieser Ums\u00e4tze vorgesehen wurde.<\/p>\n<p>Im Besonderen, <strong><u>Lieferungen von Gegenst\u00e4nden und Dienstleistungen, die gegen eine besondere Gegenleistung oder zus\u00e4tzliche Beitr\u00e4ge erbracht werden<\/u><\/strong>, entsprechend ihrem institutionellen Zweck von politischen, gewerkschaftlichen, berufsst\u00e4ndischen, religi\u00f6sen, karitativen, kulturellen, Amateursport-, Sozialf\u00f6rderungs- und au\u00dferschulischen Vereinigungen zur pers\u00f6nlichen Weiterbildung, in Bezug auf die Mitglieder, die assoziierten Mitglieder, die mit Ausweis versehenen Mitglieder, die Teilnehmer und die Vereinigungen, die dieselbe T\u00e4tigkeit aus\u00fcben und einer einzigen lokalen oder nationalen Organisation angeh\u00f6ren, sowie in Bezug auf die jeweiligen Mitglieder, die assoziierten Mitglieder oder die Teilnehmer und die mit Ausweis versehenen Mitglieder der jeweiligen nationalen Organisationen, die derzeit von der Steuer gem\u00e4\u00df Artikel 4, Absatz 4 des Pr\u00e4sidialerlasses 633\/1972, <strong><u>in den Anwendungsbereich der Steuerregelung einbezogen werden<\/u><\/strong>.<\/p>\n<p>In den meisten F\u00e4llen werden die Vereinigungen weiterhin von der Mehrwertsteuer befreit sein, aber die \u00c4nderung der Regelung wird einen Anstieg der Formalit\u00e4ten mit sich bringen, da die von der Mehrwertsteuer befreiten Ums\u00e4tze weiterhin den \u00fcblichen formalen Verpflichtungen unterliegen (Rechnungsstellung, j\u00e4hrliche Mehrwertsteuererkl\u00e4rung usw.).<\/p>\n<p>Mit dem Wegfall der Ausnahmeregelung f\u00fcr Transaktionen mit assoziierten Unternehmen entf\u00e4llt in jedem Fall die M\u00f6glichkeit, die Steuererkl\u00e4rung zu \u00e4ndern, <strong><u>f\u00fcr viele Vereinigungen wird dies bedeuten, dass sie eine MwSt-Nummer beantragen m\u00fcssen<\/u><\/strong>, wenn sie derzeit nicht in ihrem Besitz sind.<\/p>\n<p>&nbsp;<\/p>\n<p>Bei dieser Gelegenheit m\u00f6chten wir Ihnen unsere besten Gr\u00fc\u00dfe ausrichten und stehen Ihnen f\u00fcr eventuelle Zweifel oder Kl\u00e4rungsanfragen gerne zur Verf\u00fcgung.<\/p>","protected":false},"excerpt":{"rendered":"<p>Secondo quanto previsto dall\u2019art. 3, comma 10, del D.L. 202\/2024 (c.d. Decreto Milleproroghe), \u00e8 stato rinviato al 1\u00b0 Gennaio 2026 (rispetto al 1\u00b0 Gennaio 2025) il termine a decorrere dal quale trova applicazione il nuovo regime di esenzione IVA (in luogo di quello di esclusione) per le operazioni realizzate dagli enti associativi di cui all\u2019articolo [&hellip;]<\/p>\n","protected":false},"author":6,"featured_media":0,"comment_status":"closed","ping_status":"closed","sticky":false,"template":"","format":"standard","meta":{"_acf_changed":false,"footnotes":""},"categories":[18],"tags":[],"class_list":["post-1310","post","type-post","status-publish","format-standard","hentry","category-blog"],"acf":[],"_links":{"self":[{"href":"https:\/\/studiodagostini.com\/de\/wp-json\/wp\/v2\/posts\/1310","targetHints":{"allow":["GET"]}}],"collection":[{"href":"https:\/\/studiodagostini.com\/de\/wp-json\/wp\/v2\/posts"}],"about":[{"href":"https:\/\/studiodagostini.com\/de\/wp-json\/wp\/v2\/types\/post"}],"author":[{"embeddable":true,"href":"https:\/\/studiodagostini.com\/de\/wp-json\/wp\/v2\/users\/6"}],"replies":[{"embeddable":true,"href":"https:\/\/studiodagostini.com\/de\/wp-json\/wp\/v2\/comments?post=1310"}],"version-history":[{"count":2,"href":"https:\/\/studiodagostini.com\/de\/wp-json\/wp\/v2\/posts\/1310\/revisions"}],"predecessor-version":[{"id":1312,"href":"https:\/\/studiodagostini.com\/de\/wp-json\/wp\/v2\/posts\/1310\/revisions\/1312"}],"wp:attachment":[{"href":"https:\/\/studiodagostini.com\/de\/wp-json\/wp\/v2\/media?parent=1310"}],"wp:term":[{"taxonomy":"category","embeddable":true,"href":"https:\/\/studiodagostini.com\/de\/wp-json\/wp\/v2\/categories?post=1310"},{"taxonomy":"post_tag","embeddable":true,"href":"https:\/\/studiodagostini.com\/de\/wp-json\/wp\/v2\/tags?post=1310"}],"curies":[{"name":"wp","href":"https:\/\/api.w.org\/{rel}","templated":true}]}}